{"id":67,"date":"2019-03-10T16:00:01","date_gmt":"2019-03-10T15:00:01","guid":{"rendered":"https:\/\/pecsivillamos.hu\/?p=67"},"modified":"2019-04-15T17:48:20","modified_gmt":"2019-04-15T15:48:20","slug":"9-a-pecsi-villamos-tortenete-1914-1945-kozott-1-3","status":"publish","type":"post","link":"https:\/\/pecsivillamos.hu\/index.php\/2019\/03\/10\/9-a-pecsi-villamos-tortenete-1914-1945-kozott-1-3\/","title":{"rendered":"9. A p\u00e9csi villamos t\u00f6rt\u00e9nete 1914-1945 k\u00f6z\u00f6tt 1\/3"},"content":{"rendered":"\n<p> <strong>Az els\u0151 \u00e9vekben (1914-1918)<\/strong>, az 1. vil\u00e1gh\u00e1bor\u00fa ellen\u00e9re is \u00f6rvendetesen fejl\u0151d\u00f6tt a forgalom. A v\u00e1ros k\u00f6z\u00f6ns\u00e9ge megszokta, megszerette a villamost, amely a v\u00e1ros k\u00f6zleked\u00e9s\u00e9nek egyik legfontosabb t\u00e9nyez\u0151je lett. <br>A villamosvas\u00fatba 1919. december h\u00f3 31-ig beruh\u00e1zott \u00f6sszeg 1 650 979 korona volt. Amint az adatokb\u00f3l kit\u0171nik a p\u00e9csi villamos bev\u00e9tele \u00e9s sz\u00e1ll\u00edtott utasok sz\u00e1ma folyamatosan emelkedett. <br>Minthogy a vil\u00e1gh\u00e1bor\u00fa befejez\u00e9se ut\u00e1n az \u00e1rak ugr\u00e1sszer\u0171en emelkedtek, az \u00f6sszes szem\u00e9lyzeti-, anyag- \u00e9s egy\u00e9b k\u00f6lts\u00e9gek is l\u00e9nyegesen megn\u00f6vekedtek. Ilyen k\u00f6r\u00fclm\u00e9nyek k\u00f6z\u00f6tt a villamosvas\u00fat j\u00f6vedelmez\u0151s\u00e9ge er\u0151sen cs\u00f6kkent. <br>A vesztes vil\u00e1gh\u00e1bor\u00fa k\u00f6vetkezm\u00e9nyek\u00e9nt 1918. november 14-t\u0151l 1921. augusztus 22-ig P\u00e9cs szerb megsz\u00e1ll\u00e1s al\u00e1 ker\u00fclt. A v\u00e1rost\u00f3l \u00e9szakra kialak\u00edtott demark\u00e1ci\u00f3s vonalon \u00e1t csak nagy neh\u00e9zs\u00e9gek \u00e1r\u00e1n jutottak el a f\u0151v\u00e1rosb\u00f3l P\u00e9csre az alkatr\u00e9szek \u00e9s a villamos \u00fczem\u00e9hez felt\u00e9tlen\u00fcl sz\u00fcks\u00e9ges m\u0171szaki anyagok. Akadozott az \u00e1ramell\u00e1t\u00e1s, a sztr\u00e1jkok szinte teljesen megb\u00e9n\u00edtott\u00e1k a v\u00e1ros gazdas\u00e1gi \u00e9let\u00e9t. <br>Az els\u0151 vil\u00e1gh\u00e1bor\u00fa alatt, majd az azt k\u00f6vet\u0151 zavaros id\u0151kben a villamos-vas\u00fat dolgoz\u00f3ira s\u00falyos nyomor nehezedett, t\u00f6bb esetben el\u0151fordult, hogy m\u00e9g a b\u00e9r\u00fcket sem kapt\u00e1k meg. L\u00e9pes Gy\u00f6rgy \u00fczletigazgat\u00f3 \u00e1t\u00e9rezve a dolgoz\u00f3k neh\u00e9z helyzet\u00e9t, beadv\u00e1nyok sokas\u00e1g\u00e1val ostromolta a Ganz-f\u00e9le Villamoss\u00e1gi Rt. igazgat\u00f3j\u00e1t, Valatin B\u00e9l\u00e1t. Sajnos a b\u00e9rgondokon Valatin B\u00e9la sem tudott seg\u00edteni, helyette olyan term\u00e9szetbeni juttattat\u00e1sokat javasolt a dolgoz\u00f3k sz\u00e1m\u00e1ra, amelyek el\u0151seg\u00edtik a p\u00e9csi villamosn\u00e1l val\u00f3 marad\u00e1sukat. <br>L\u00e9pes Gy\u00f6rgy az 1920. szeptember 23-\u00e1n megalakult p\u00e9csi baloldali \u00f6nkorm\u00e1nyzat tagja lett. 1921. nyar\u00e1n, amikor Horthy Mikl\u00f3s korm\u00e1nyz\u00f3 csapatai bevonultak P\u00e9csre, L\u00e9pes Gy\u00f6rgy t\u00e1vozott az orsz\u00e1gb\u00f3l. A kit\u0171n\u0151en k\u00e9pzett magyar m\u00e9rn\u00f6k t\u00f6bb eur\u00f3pai orsz\u00e1gban is igyekezett elhelyezkedni, v\u00e9g\u00fcl is Argent\u00edn\u00e1ba emigr\u00e1lt, ahol jelent\u0151s szerepet kapott a Buenos Aires-i metr\u00f3 meg\u00e9p\u00edt\u00e9s\u00e9ben. <br>A v\u00e1ros \u00e9s a p\u00e9csi villamos neh\u00e9z napokat \u00e9lt \u00e1t. A helyzetet tov\u00e1bb s\u00falyosb\u00edtotta, hogy a szerb katonas\u00e1g r\u00e9sz\u00e9r\u0151l rendszeres atrocit\u00e1s ok \u00e9rt\u00e9k az utasokat \u00e9s a vas\u00fat dolgoz\u00f3it.\u00a0<br><strong>1919. szeptember\u00e9ben<\/strong> a szerb hat\u00f3s\u00e1gok &#8211; a t\u00f6bbi p\u00e9csi \u00fczemhez hasonl\u00f3an &#8211; megpr\u00f3b\u00e1lt\u00e1k a P\u00e9csi Villamos Vas\u00fati R\u00e9szv\u00e9nyt\u00e1rsas\u00e1got is k\u00f6zvetlen szerb \u00e1llami ellen\u0151rz\u00e9s al\u00e1 vonni. A szerb hat\u00f3s\u00e1gok m\u00f3dszere az \u00fan. &#8222;z\u00e1rgondnoks\u00e1g&#8221; al\u00e1 helyez\u00e9s volt, ami gyakorlatilag azt jelentette, hogy a szerbek ellen\u0151rz\u00e9s n\u00e9lk\u00fcl kisaj\u00e1t\u00edthatt\u00e1k a fel\u00fcgyelet\u00fck al\u00e1 vont v\u00e1llalkoz\u00e1sok, r\u00e9szv\u00e9nyt\u00e1rsas\u00e1gok nyeres\u00e9g\u00e9t, vagyont\u00e1rgyait. A tervezett int\u00e9zked\u00e9sek ellen Nendtvich Andor polg\u00e1rmester az 1919. szeptember 6-\u00e1n memorandumban tiltakozik a belgr\u00e1di S.H.S. kir. ipari \u00e9s kereskedelmi Miniszt\u00e9riumban: <br>&#8222;A p\u00e9csi villamos k\u00f6z\u00fati vasutat, ennek \u00f6sszes tartoz\u00e9kait \u00e9s mindennem\u0171 berendez\u00e9se it nem a P\u00e9csi Villamos Vas\u00fati R\u00e9szv\u00e9nyt\u00e1rsas\u00e1g &#8211; hanem maga P\u00e9cs v\u00e1ros k\u00f6z\u00f6ns\u00e9ge a saj\u00e1t sz\u00e1ml\u00e1j\u00e1ra l\u00e9tes\u00edtette. Az ekk\u00e9nt l\u00e9tes\u00edtett P\u00e9csi Villamos K\u00f6z\u00fati Vasutat pedig fenntart\u00e1s \u00e9s \u00fczemben tart\u00e1s v\u00e9gett 1913 \u00e9vt\u0151l sz\u00e1m\u00edtott 20 egym\u00e1s ut\u00e1n k\u00f6vet\u0151 \u00e9vre a P\u00e9csi Villamos Vas\u00fati R\u00e9szv\u00e9ny t\u00e1rsas\u00e1gnak adta \u00e1t. <br>A vas\u00fatnak tulajdonosa teh\u00e1t P\u00e9cs v\u00e1ros k\u00f6z\u00f6ns\u00e9ge, a P\u00e9csi Villamos Vas\u00fati R\u00e9szv\u00e9nyt\u00e1rsas\u00e1g pedig csak a villamos vas\u00fatnak az \u00fczemeltet\u0151je! Ezt a t\u00e9ny\u00e1ll\u00e1st igazolja a mell\u00e9kelt szerz\u0151d\u00e9snek 23 \u00a7-a is, mely szerint a k\u00f6z\u00fati vasutat \u00e9s ennek \u00f6sszes tartoz\u00e9kait a r\u00e9szv\u00e9nyt\u00e1rsas\u00e1g a 20 \u00e9ves \u00fczemkezel\u00e9si id\u0151szak lej\u00e1rtakor \u00fczemk\u00e9pes \u00e9s kifog\u00e1stalan \u00e1llapotban P\u00e9cs v\u00e1ros k\u00f6z\u00f6ns\u00e9g\u00e9nek hi\u00e1nytalanul visszaadni k\u00f6teles.&#8221;1 A z\u00e1rad\u00e9k\u00e1ban a polg\u00e1rmester k\u00f6zli, hogy a bev\u00e9telek P\u00e9cs v\u00e1ros\u00e1t illetik meg. A villamosvas\u00fat teljes bev\u00e9tele sz\u00fcks\u00e9ges a v\u00e1ros gazd\u00e1lkod\u00e1s\u00e1hoz. <br>Az<strong>\u00a01920-as \u00e9vek elej\u00e9n<\/strong> a nemzetk\u00f6zi \u00e9s hazai \u00e9let aggaszt\u00f3 gazdas\u00e1gi \u00e9s politikai folyamatai a p\u00e9csi villamos \u00fczem\u00e9re is r\u00e1nyomt\u00e1k b\u00e9lyeg\u00fcket. A R\u00e9szv\u00e9nyt\u00e1rsas\u00e1g csak a viteld\u00edj t\u00f6bbsz\u00f6ri emel\u00e9s\u00e9vel tudta elker\u00fclni a teljes cs\u0151d\u00f6t. K\u00fcl\u00f6n\u00f6sen az 1923-as \u00e9v jelentett m\u00e9lypontot, amikor is az utassz\u00e1m majdnem a t\u00edz \u00e9v el\u0151ttire zuhant vissza \u00e9s mind\u00f6ssze 1 872 253 utast sz\u00e1ll\u00edtottak. A kiad\u00e1sok cs\u00f6kkent\u00e9se \u00e9rdek\u00e9ben a kocsikat igyekeztek min\u00e9l kevesebbet j\u00e1ratni.<\/p>\n\n\n\n<figure class=\"wp-block-image\"><img loading=\"lazy\" decoding=\"async\" width=\"964\" height=\"616\" src=\"https:\/\/pecsivillamos.hu\/wp-content\/uploads\/2019\/04\/9-1.jpg\" alt=\"\" class=\"wp-image-68\" srcset=\"https:\/\/pecsivillamos.hu\/wp-content\/uploads\/2019\/04\/9-1.jpg 964w, https:\/\/pecsivillamos.hu\/wp-content\/uploads\/2019\/04\/9-1-450x288.jpg 450w, https:\/\/pecsivillamos.hu\/wp-content\/uploads\/2019\/04\/9-1-300x192.jpg 300w, https:\/\/pecsivillamos.hu\/wp-content\/uploads\/2019\/04\/9-1-768x491.jpg 768w\" sizes=\"auto, (max-width: 964px) 100vw, 964px\" \/><figcaption>9. \u00e1bra. Villamos a Kir\u00e1ly utca elej\u00e9n (1920-as \u00e9vek) <\/figcaption><\/figure>\n\n\n\n<p> A r\u00e9szv\u00e9nyt\u00e1rsas\u00e1g<strong>\u00a01923. m\u00e1jus 15-\u00e9n<\/strong> megtartott \u00e9vi rendes k\u00f6zgy\u0171l\u00e9se meglehet\u0151sen pesszimista hangulatban sz\u00e1mol be a helyzetr\u0151l: <br>&#8222;A z\u00e1rsz\u00e1mad\u00e1shoz csatolt kimutat\u00e1sok nem valami kecsegtet\u0151 sz\u00e1madatokat tartalmaznak. Am\u00edg 1921-ben a villamos el\u00e9rte megindul\u00e1sa, (1913) \u00f3ta a legnagyobb forgalm\u00e1t \u00e9s eg\u00e9sz \u00e9vben 4 675 040 utast sz\u00e1ll\u00edtott, 1922ben a forgalom 2 986 348 utasra cs\u00f6kkent. Ez egyed\u00fcl a viteld\u00edjak nagyar\u00e1ny\u00fa emelked\u00e9s\u00e9nek tulajdon\u00edthat\u00f3, amire viszont a vas\u00fat k\u00e9nyszer\u00edtve volt, a szem\u00e9lyzeti, anyagbeszerz\u00e9si kiad\u00e1sok, f\u0151leg azonban az \u00e1ram\u00e1rak horribilis dr\u00e1gul\u00e1sa folyt\u00e1n. Legzs\u00fafoltabb volt a villamos a m\u00falt \u00e9vek k\u00f6z\u00fcl 1920-ban, amikor 9,64 volt a kocsi kilom\u00e9terenk\u00e9nti utasok sz\u00e1ma. A k\u00f6vetkez\u0151 \u00e9vben ez a sz\u00e1m 6,56, tavaly pedig 5,03-ra cs\u00f6kkent. A bev\u00e9telek a m\u00falt \u00fczleti \u00e9vben viszony\u00edtva 20 563 585 koron\u00e1ra emelkedtek, a tiszta nyeres\u00e9g azonban mind\u00f6ssze 18 254 korona.&#8221;2 <br>A kor \u00fajs\u00e1gjai sem adnak t\u00fal optimista k\u00e9pet: &#8222;Szombatt\u00f3l \u00faj viteld\u00edjak lesznek. A k\u00f6zgy\u0171l\u00e9s el\u0151tt a villamos vas\u00fat igazgat\u00f3s\u00e1ga \u00fcl\u00e9sezett, amelyen az alkalmazottak b\u00e9remel\u00e9si k\u00e9rv\u00e9ny\u00e9t t\u00e1rgyalt\u00e1k. Az alkalmazottak havi t\u00edzezer korona fizet\u00e9semel\u00e9st k\u00e9rtek. Az igazgat\u00f3s\u00e1g meg\u00e1llap\u00edtotta, hogy a m\u00e1rciusi viteld\u00edj emel\u00e9se \u00f3ta a forgalom ism\u00e9t mintegy 20-25%-kal cs\u00f6kkent \u00e9s az \u00e1ram-\u00e1rak horribilis dr\u00e1gul\u00e1sa folyt\u00e1n \u00e1prilis h\u00f3ra mintegy 300 000 korona deficit mutatkozik. Ez\u00e9rt az alkalmazottaknak a k\u00e9rt fizet\u00e9semel\u00e9st nem adhatja meg. Elhat\u00e1rozta azonban, hogy a deficit elt\u0171ntet\u00e9s\u00e9re \u00e9s az alkalmazottaknak juttatand\u00f3 n\u00e9mi b\u00e9remel\u00e9s fedez\u00e9se c\u00e9lj\u00e1b\u00f3l m\u00e1jus 19-t\u0151l, szombatt\u00f3i kezdve a viteld\u00edjakat m\u00e9rs\u00e9kelten emeli \u00fagy, hogy a vonaljegy \u00e1ra 40 helyett 50, a f\u0151p\u00e1lyaudvari vonaljegy pedig 60 helyett 70 korona lesz. A gyermek \u00e9s katonajegyek, valamint a b\u00e9rletjegyek \u00e1ra v\u00e1ltozatlan maradt. Az \u00edgy v\u00e1rhat\u00f3 bev\u00e9teli t\u00f6bbletb\u0151l az alkalmazottak r\u00e9sz\u00e9re 20 sz\u00e1zal\u00e9kos b\u00e9remel\u00e9st szavazott meg, ami \u00fajabb 400 000 korona t\u00f6bbletkiad\u00e1st jelent. A most meg\u00e1llap\u00edtott viteld\u00edjjak csak ideiglenesek, mert a Dunag\u0151zhaj\u00f3z\u00e1si R\u00e9szv\u00e9nyt\u00e1rsas\u00e1g csak a napokban emelte a sz\u00e9n \u00e1r\u00e1t, ami term\u00e9szetesen maga ut\u00e1n fogja vonni az \u00e1ram \u00fajabb dr\u00e1gul\u00e1s\u00e1t is. Ez\u00e9rt az Igazgat\u00f3s\u00e1g m\u00e1r most is hozz\u00e1j\u00e1rult ahhoz, hogy amennyiben a v\u00e1rosi villanytelep \u00fajb\u00f3l l\u00e9nyegesebben emeln\u00e9 a villamos vas\u00fat \u00e1ltal fizetend\u0151 \u00e1ram \u00e1r\u00e1t, a V\u00e9grehat\u00f3 Bizotts\u00e1g j\u00fanius 1-j\u00e9t\u0151l \u00faj viteld\u00edjakat \u00e1llap\u00edtson meg.&#8221;3 <br>1923. szeptember 29-\u00e9n a p\u00e9csi \u00fajs\u00e1gok a viteld\u00edj \u00fajabb emel\u00e9s\u00e9r\u0151l adtak h\u00edrt: &#8222;A villamos vas\u00fat igazgat\u00f3s\u00e1ga ma d\u00e9lel\u0151tt 11 \u00f3rakor nagyfontoss\u00e1g\u00fa \u00fcl\u00e9st tartott. Az \u00fcl\u00e9sen Nendtvich Andor polg\u00e1rmester eln\u00f6k\u00f6lt \u00e9s azon r\u00e9szt vett Valatin B\u00e9la a Ganz gy\u00e1r igazgat\u00f3ja is. Els\u0151sorban a villamos vas\u00fat rendk\u00edv\u00fcl s\u00falyos \u00e9s v\u00e1ls\u00e1gos helyzet\u00e9vel foglalkoztak. Osv\u00e1th Imre a villamos vas\u00fat \u00fczletvezet\u0151je kimutatta, hogy a villamos deficitje a mai viteld\u00edjak mellett 4-5 milli\u00f3 korona havonk\u00e9nt. A villamos forgalma az ut\u00f3bbi id\u0151ben heti 20 000 szem\u00e9lyr\u0151l 16 000-re cs\u00f6kkent, \u00e9s \u00edgy az el\u0151ir\u00e1nyzott \u00f6sszeget nem lehet bevenni. <br>Az Igazgat\u00f3s\u00e1g erre val\u00f3 tekintettel k\u00e9nytelen volt \u00fagy hat\u00e1rozni, hogy holnap, szombatt\u00f3i kezd\u0151d\u0151leg felemeli a viteld\u00edjakat. A felemel\u00e9s \u00fagy t\u00f6rt\u00e9nik, hogy holnap, szombatt\u00f3l n\u00e9gy h\u00e9ten \u00e1t, heti 50 koron\u00e1val lesz dr\u00e1g\u00e1bb a viteld\u00edj. E szerint a 300 koron\u00e1s jegy \u00e1ra 350, a p\u00e1lyaudvari rel\u00e1ci\u00f3ban 400 helyett 450 \u00e9s kedvezm\u00e9nyes jegy 200 helyett 250 korona lesz. A havi b\u00e9rletjegyek is v\u00e1ltoznak. E szerint a rendes havi b\u00e9rlet \u00e1ra 10 000 korona helyett 13 000, a tisztvisel\u0151i 7000 helyett 10 000, a tanul\u00f3 b\u00e9rlet 4000 helyett 5000 korona lesz. <br>Az Igazgat\u00f3s\u00e1g ezut\u00e1n az alkalmazottak b\u00e9remel\u00e9s ir\u00e1nt el\u0151terjesztett k\u00e9relm\u00e9vel foglalkozott. Tekintettel arra, hogy a villamos v\u00e1ls\u00e1gos helyzetben van \u00e9s hogy a villamos vas\u00fat alkalmazottai j\u00f6vedelme nincs alatta a t\u00f6bbi p\u00e9csi v\u00e1llalat alkalmazottainak j\u00f6vedelm\u00e9nek, az Igazgat\u00f3s\u00e1g k\u00e9nyszerhelyzetben \u00fagy hat\u00e1rozott, hogy ez\u00fattal nem ad semmif\u00e9le jav\u00edt\u00e1st az alkalmazottaknak. Az Igazgat\u00f3s\u00e1g sz\u00e1m\u00edt arra, hogy az alkalmazottak bel\u00e1tj\u00e1k a villamos s\u00falyos helyzet\u00e9t, amely m\u00e1r-m\u00e1r l\u00e9talapj\u00e1ban fenyegeti, \u00e9s megnyugodnak d\u00f6nt\u00e9s\u00e9ben. Az Igazgat\u00f3s\u00e1g, am\u00edg lehetett soha nem z\u00e1rk\u00f3zott el att\u00f3l, hogy az alkalmazottak b\u00e9r\u00e9t emelje. A parancsol\u00f3 helyzet most m\u00e9g a lehet\u0151s\u00e9g\u00e9t\u0151l is megfosztja az Igazgat\u00f3s\u00e1got, hogy a munkab\u00e9reket emelje.&#8221;4 <br><strong>1924-ben<\/strong> m\u00e1r mutatkoztak kedvez\u0151 tendenci\u00e1k a p\u00e9csi villamosvas\u00fatn\u00e1l, b\u00e1r a kocsikilom\u00e9ter-teljes\u00edtm\u00e9ny nem \u00e9rte el az el\u0151z\u0151 \u00e9veket, az utassz\u00e1m n\u00f6vekedett. A b\u00e9rletjeggyel utaz\u00f3k sz\u00e1ma (v\u00e1rakoz\u00e1son fel\u00fcl) az el\u0151z\u0151 \u00e9vihez k\u00e9pest 50%-kal n\u00f6vekedett. A t\u00f6bbsz\u00f6ri viteld\u00edjemel\u00e9s azonban m\u00e9g \u00edgy is elker\u00fclhetetlen volt az \u00e9v els\u0151 fel\u00e9ben. A P\u00e9csi Villamos Vas\u00fati R\u00e9szv\u00e9nyt\u00e1rsas\u00e1g \u00e1ltal\u00e1nos p\u00e9nz\u00fcgyi helyzet\u00e9n azonban m\u00e1r a stabiliz\u00e1ci\u00f3 sem tudott seg\u00edteni. &#8222;P\u00e9nz\u00fcnk el\u00e9rt\u00e9ktelened\u00e9se folyt\u00e1n a r\u00e9szv\u00e9nyt\u00e1rsas\u00e1g alapt\u0151k\u00e9je \u00e9s tartal\u00e9kt\u0151k\u00e9je majdnem teljesen megsemmis\u00fclt, mert 1913. \u00e9vben a v\u00e1ros p\u00e9nzt\u00e1r\u00e1ba teend\u0151 \u00f3vad\u00e9k fedez\u00e9s\u00e9re 219 000 koron\u00e1\u00e9rt v\u00e1s\u00e1rolt 250 000 korona n\u00e9v\u00e9rt\u00e9k\u0171 4-4,5%-os magyar korona j\u00e1rad\u00e9k k\u00f6lcs\u00f6n k\u00f6tv\u00e9nyek n\u00e9v\u00e9rt\u00e9ke is megsemmis\u00fclt, \u00fagyszint\u00e9n megsemmis\u00fclt a 100 000 korona \u00e9rt\u00e9kben jegyzett hadik\u00f6lcs\u00f6n n\u00e9v\u00e9rt\u00e9ke is, s csak az 1913. \u00e9vben \u00fczemanyagokba fektetett 31 000 koron\u00e1t lehetett alapul venni \u00e9s ennek alapj\u00e1n <strong>1925. janu\u00e1r 1-\u00e9vei<\/strong> az \u00e1t\u00e9rt\u00e9kel\u00e9st kereszt\u00fclvinni, amikor is az alapt\u0151ke a meg\u00e1llap\u00edtott vagyon alapj\u00e1n 40 000 peng\u0151ben (1000 negyvenpeng\u0151s r\u00e9szv\u00e9ny), a t\u0151ketartal\u00e9kot pedig 5315 peng\u0151ben \u00e1llap\u00edttatott meg. Vagyis a  r\u00e9szv\u00e9nyt\u00e1rsas\u00e1g b\u00e9kebeli vagyon\u00e1nak 17,25%-\u00e1t siker\u00fclt \u00e1tmenteni, de ez t\u00f6bb kereskedelmi v\u00e1llalatnak sem siker\u00fclt jobban.&#8221;5<\/p>\n\n\n\n<figure class=\"wp-block-image\"><img loading=\"lazy\" decoding=\"async\" width=\"976\" height=\"612\" src=\"https:\/\/pecsivillamos.hu\/wp-content\/uploads\/2019\/04\/9-2.jpg\" alt=\"\" class=\"wp-image-71\" srcset=\"https:\/\/pecsivillamos.hu\/wp-content\/uploads\/2019\/04\/9-2.jpg 976w, https:\/\/pecsivillamos.hu\/wp-content\/uploads\/2019\/04\/9-2-450x282.jpg 450w, https:\/\/pecsivillamos.hu\/wp-content\/uploads\/2019\/04\/9-2-300x188.jpg 300w, https:\/\/pecsivillamos.hu\/wp-content\/uploads\/2019\/04\/9-2-768x482.jpg 768w\" sizes=\"auto, (max-width: 976px) 100vw, 976px\" \/><figcaption>10. \u00e1bra. 31-es ny\u00e1ri, motorkocsi (1925) <\/figcaption><\/figure>\n\n\n\n<p> 1 BML XI. fond. sz\u00e1m Nendtvich Andor polg\u00e1rmester tiltakoz\u00f3 levele. 1919.szeptember 6. <\/p>\n\n\n\n<p>\n2\nBaranya Megyei Lev\u00e9lt\u00e1r XI. fond. sz\u00e1m. Z\u00e1rsz\u00e1mad\u00e1si jk.\n1923.&nbsp;<br>3 Dun\u00e1nt\u00fal. 1923. m\u00e1jus 16. Cs\u00f6kkent a villamos\nvas\u00fat m\u00falt \u00e9vi forgalma.<\/p>\n\n\n\n<p> 4 Dun\u00e1nt\u00fal. 1923. szeptember 29. N\u00e9gy-\u00f6t milli\u00f3 a p\u00e9csi villamosvas\u00fat deficitje <br>5 Dun\u00e1nt\u00fal. 1929. december 25. A p\u00e9csi villamosvas\u00fat 16 \u00e9ves t\u00f6rt\u00e9nete<\/p>\n","protected":false},"excerpt":{"rendered":"<p>Az els\u0151 \u00e9vekben (1914-1918), az 1. vil\u00e1gh\u00e1bor\u00fa ellen\u00e9re is \u00f6rvendetesen fejl\u0151d\u00f6tt a forgalom. A v\u00e1ros k\u00f6z\u00f6ns\u00e9ge megszokta, megszerette a villamost, amely a v\u00e1ros k\u00f6zleked\u00e9s\u00e9nek egyik legfontosabb t\u00e9nyez\u0151je lett. A villamosvas\u00fatba 1919. december h\u00f3 31-ig beruh\u00e1zott \u00f6sszeg 1 650 979 korona volt. Amint az adatokb\u00f3l kit\u0171nik a p\u00e9csi villamos bev\u00e9tele \u00e9s sz\u00e1ll\u00edtott utasok sz\u00e1ma folyamatosan emelkedett. &hellip; <\/p>\n<p class=\"link-more\"><a href=\"https:\/\/pecsivillamos.hu\/index.php\/2019\/03\/10\/9-a-pecsi-villamos-tortenete-1914-1945-kozott-1-3\/\" class=\"more-link\"><span class=\"screen-reader-text\">&#8222;9. A p\u00e9csi villamos t\u00f6rt\u00e9nete 1914-1945 k\u00f6z\u00f6tt 1\/3&#8221;<\/span> b\u0151vebben<\/a><\/p>\n","protected":false},"author":2,"featured_media":0,"comment_status":"closed","ping_status":"closed","sticky":false,"template":"","format":"standard","meta":{"footnotes":""},"categories":[4],"tags":[],"class_list":["post-67","post","type-post","status-publish","format-standard","hentry","category-tortenelem","entry"],"_links":{"self":[{"href":"https:\/\/pecsivillamos.hu\/index.php\/wp-json\/wp\/v2\/posts\/67","targetHints":{"allow":["GET"]}}],"collection":[{"href":"https:\/\/pecsivillamos.hu\/index.php\/wp-json\/wp\/v2\/posts"}],"about":[{"href":"https:\/\/pecsivillamos.hu\/index.php\/wp-json\/wp\/v2\/types\/post"}],"author":[{"embeddable":true,"href":"https:\/\/pecsivillamos.hu\/index.php\/wp-json\/wp\/v2\/users\/2"}],"replies":[{"embeddable":true,"href":"https:\/\/pecsivillamos.hu\/index.php\/wp-json\/wp\/v2\/comments?post=67"}],"version-history":[{"count":1,"href":"https:\/\/pecsivillamos.hu\/index.php\/wp-json\/wp\/v2\/posts\/67\/revisions"}],"predecessor-version":[{"id":72,"href":"https:\/\/pecsivillamos.hu\/index.php\/wp-json\/wp\/v2\/posts\/67\/revisions\/72"}],"wp:attachment":[{"href":"https:\/\/pecsivillamos.hu\/index.php\/wp-json\/wp\/v2\/media?parent=67"}],"wp:term":[{"taxonomy":"category","embeddable":true,"href":"https:\/\/pecsivillamos.hu\/index.php\/wp-json\/wp\/v2\/categories?post=67"},{"taxonomy":"post_tag","embeddable":true,"href":"https:\/\/pecsivillamos.hu\/index.php\/wp-json\/wp\/v2\/tags?post=67"}],"curies":[{"name":"wp","href":"https:\/\/api.w.org\/{rel}","templated":true}]}}