{"id":58,"date":"2019-03-22T08:00:47","date_gmt":"2019-03-22T07:00:47","guid":{"rendered":"https:\/\/pecsivillamos.hu\/?p=58"},"modified":"2019-05-16T17:43:12","modified_gmt":"2019-05-16T15:43:12","slug":"havi-nyitva-tartas","status":"publish","type":"post","link":"https:\/\/pecsivillamos.hu\/index.php\/2019\/03\/22\/havi-nyitva-tartas\/","title":{"rendered":"Havi nyitva tart\u00e1s"},"content":{"rendered":"\n<p>Villamos eml\u00e9khely\u00fcnk hamar n\u00e9pszer\u0171v\u00e9 v\u00e1lt, hiszen folyamatos nyitva tart\u00e1sunk r\u00e9v\u00e9n visszat\u00e9r\u0151 vend\u00e9gk\u00f6r alakult ki, illetve az arra s\u00e9t\u00e1l\u00f3 turist\u00e1k is sz\u00edvesen betekintenek. A vend\u00e9gek fogad\u00e1s\u00e1t \u00f6nk\u00e9nteseink seg\u00edts\u00e9g\u00e9vel tett\u00fck lehet\u0151v\u00e9, azonban munkahelyi \u00e9s mag\u00e1n\u00e9leti elfoglalts\u00e1gaink miatt 2016-t\u00f3l folyamatosan cs\u00f6kkent az erre ford\u00edthat\u00f3 szabadid\u0151nk.<\/p>\n\n\n\n<p>2019-t\u0151l ez\u00e9rt p\u00e1ly\u00e1zati seg\u00edts\u00e9ggel egy f\u0151\u00e1ll\u00e1s\u00fa alkalmazottunk nyitja \u00fajra villamosunkat. A nyitva tart\u00e1snak azonban nem csak el\u0151nyei vannak (becs\u00fcletpersely, szuven\u00edrek \u00e9rt\u00e9kes\u00edt\u00e9se), az \u00fczemeltet\u00e9s k\u00f6lts\u00e9gei is megn\u0151nek:<\/p>\n\n\n\n<ul class=\"wp-block-list\"><li><strong>Villanysz\u00e1mla: <\/strong>a vil\u00e1g\u00edt\u00e1shoz, vet\u00edt\u00e9shez, audioeszk\u00f6zeink m\u0171k\u00f6dtet\u00e9s\u00e9hez, valamint a villamoskocsi h\u0171t\u00e9s\u00e9hez elektromos \u00e1ramot haszn\u00e1lunk, amelyb\u0151l havi 5-30 ezer forint sz\u00e1mla keletkezik att\u00f3l f\u00fcgg\u0151en, mennyire van meleg, vagy \u00e9ppen hideg.<\/li><li><strong>B\u00e9rk\u00f6lts\u00e9g: <\/strong>egy f\u0151t minim\u00e1lb\u00e9rre bejelentve heti 40 \u00f3r\u00e1ban foglalkoztatunk, melynek k\u00f6lts\u00e9ge 2019 els\u0151 f\u00e9l\u00e9v\u00e9ben havonta 180.290 Ft. 2019 m\u00e1jus\u00e1t\u00f3l 6 h\u00f3napig ezt a k\u00f6lts\u00e9get EU-s p\u00e1ly\u00e1zati forr\u00e1sb\u00f3l biztos\u00edtjuk, \u00e1m tov\u00e1bbi 3 h\u00f3napig k\u00f6telesek vagyunk az alkalmazotti viszonyt fenntartani, de term\u00e9szetesen hosszabb t\u00e1von is ez a c\u00e9lunk. Amennyiben f\u0151\u00e1ll\u00e1s\u00fa munkav\u00e1llal\u00f3nk beteg, vagy szabads\u00e1gra megy, alkalmi munkav\u00e1llal\u00e1s keret\u00e9ben tudjuk \u0151t p\u00f3tolni, amely napi szinten 6.000 Ft k\u00f6lts\u00e9get jelent.<\/li><\/ul>\n\n\n\n<p><strong>\u00d6sszesen <\/strong>egy havi nyitva tart\u00e1shoz sz\u00fcks\u00e9ges \u00e1tlagos forr\u00e1s:<\/p>\n\n\n\n<ul class=\"wp-block-list\"><li>18.000 Ft villanysz\u00e1mla<\/li><li>180.290 Ft b\u00e9rk\u00f6lts\u00e9g + 12.000 Ft (2 nap p\u00f3tl\u00e1s)<\/li><li><strong>210.290 Ft<\/strong><\/li><\/ul>\n\n\n\n\t\t<style>\r\n\t\t#wpsm_progress_b_row_334{\r\n\t    \/*overflow:hidden;*\/\r\n\t    display:block;\r\n\t    width:100%;\r\n\t    border:0px solid #000;\r\n\t    margin-bottom:20px;\r\n        }\r\n\t\t\r\n\t\t<\/style>\r\n\t\t\r\n\t\t<div class=\"wpsm_progress_b_row\" id=\"wpsm_progress_b_row_334\">\r\n\t\t\t<div class=\"row\">\r\n\t\t\t<style>\r\n\r\n#wpsm_progress_b_row_334 .indCol{    \r\n    padding-right: 15px;\r\n    padding-left: 15px;\r\n}\r\n\r\n#wpsm_progress_b_row_334 .wpsm_progress{\r\n    height: 5px;\r\n    border-radius: 0;\r\n    box-shadow: none;\r\n    margin-bottom: 30px;\r\n    overflow: visible;\r\n}\r\n#wpsm_progress_b_row_334 .wpsm_progress .wpsm_progress-pro-bar {\r\n    background: #e5e5e5;\r\n    box-shadow: 0 1px 2px hsla(0, 0%, 0%, 0.1) inset;\r\n    height:4px;\r\n    margin-bottom: 20px;\r\n    margin-top: 25px;\r\n    position: relative;\r\n}\r\n\r\n#wpsm_progress_b_row_334 .wpsm_progress .wpsm_progress-title{\r\n    font-size: 18px;\r\n    font-weight: 300;\r\n\tfont-family: Open Sans;\r\n    color: #000000;\r\n    position: relative;\r\n    top: -28px;\r\n    z-index: 1;\r\n}\r\n#wpsm_progress_b_row_334 .wpsm_progress .wpsm_progress-value{\r\n    float: right;\r\n    \/*margin-top: -30px;*\/\r\n\tfont-size: 18px;\r\n    font-weight: 300;\r\n    color: #000000;\r\n\tfont-style: normal;\r\n}\r\n\r\n#wpsm_progress_b_row_334 .wpsm_progress .wpsm_progress-bar {\r\n    background-color: #3398da;\r\n    display: block;\r\n    width: 0;\r\n    height: 100%;\r\n    position: absolute;\r\n    top: 0;\r\n    left: 0;\r\n    transition: width 1s linear 0s;\r\n\tanimation: animate-positive 2s;\r\n}\r\n#wpsm_progress_b_row_334 .wpsm_progress .wpsm_progress-bar:before {\r\n    content: \"\";\r\n    background-color: hsl(0, 0%, 100%);\r\n    border-radius: 50%;\r\n    width: 4px;\r\n    height: 4px;\r\n    position: absolute;\r\n    right: 1px;\r\n    top: 0;\r\n    z-index: 1;\r\n}\r\n#wpsm_progress_b_row_334 .wpsm_progress .wpsm_progress-bar:after {\r\n    content: \"\";\r\n    width: 14px;\r\n    height: 14px;\r\n    background-color : #c1c1c1;\r\n    border-radius: 50%;\r\n    position: absolute;\r\n    right: -4px;\r\n    top: -5px;\r\n}\r\n\r\n\r\n@-webkit-keyframes animate-positive{\r\n    0% { width: 0%; }\r\n}\r\n@keyframes animate-positive{\r\n    0% { width: 0%; }\r\n}\r\n\r\n<\/style>\r\n\t\r\n\t\t\t\t<div class=\"col-md-12 col-sm-6 indCol\">\r\n                   \r\n                <div class=\"wpsm_progress\">\r\n                <div class=\"wpsm_progress-pro-bar\">\r\n                    <span class=\"wpsm_progress-title\">\r\n                        Finansz\u00edrozotts\u00e1g 2020 febru\u00e1rj\u00e1ig                        <span class=\"wpsm_progress-value\">57%<\/span>\r\n                    <\/span>\r\n                    <span class=\"wpsm_progress-bar wow\" style=\"width:57%;\"><\/span>\r\n                <\/div>\r\n            <\/div>\r\n                   \r\n                <\/div>\r\n\r\n\t\t        \r\n\t\t\t<\/div>\r\n\t\t<\/div>\r\n\t\t\r\n\t\t\r\n\t\n","protected":false},"excerpt":{"rendered":"<p>Villamos eml\u00e9khely\u00fcnk hamar n\u00e9pszer\u0171v\u00e9 v\u00e1lt, hiszen folyamatos nyitva tart\u00e1sunk r\u00e9v\u00e9n visszat\u00e9r\u0151 vend\u00e9gk\u00f6r alakult ki, illetve az arra s\u00e9t\u00e1l\u00f3 turist\u00e1k is sz\u00edvesen betekintenek. A vend\u00e9gek fogad\u00e1s\u00e1t \u00f6nk\u00e9nteseink seg\u00edts\u00e9g\u00e9vel tett\u00fck lehet\u0151v\u00e9, azonban munkahelyi \u00e9s mag\u00e1n\u00e9leti elfoglalts\u00e1gaink miatt 2016-t\u00f3l folyamatosan cs\u00f6kkent az erre ford\u00edthat\u00f3 szabadid\u0151nk. 2019-t\u0151l ez\u00e9rt p\u00e1ly\u00e1zati seg\u00edts\u00e9ggel egy f\u0151\u00e1ll\u00e1s\u00fa alkalmazottunk nyitja \u00fajra villamosunkat. A nyitva tart\u00e1snak &hellip; <\/p>\n<p class=\"link-more\"><a href=\"https:\/\/pecsivillamos.hu\/?p=334\" class=\"more-link\"><span class=\"screen-reader-text\">&#8222;Havi nyitva tart\u00e1s 2020 febru\u00e1rj\u00e1ig&#8221;<\/span> b\u0151vebben<\/a><\/p>\n","protected":false},"author":1,"featured_media":0,"comment_status":"closed","ping_status":"closed","sticky":false,"template":"","format":"standard","meta":{"footnotes":""},"categories":[6],"tags":[],"class_list":["post-58","post","type-post","status-publish","format-standard","hentry","category-celjaink","entry"],"_links":{"self":[{"href":"https:\/\/pecsivillamos.hu\/index.php\/wp-json\/wp\/v2\/posts\/58","targetHints":{"allow":["GET"]}}],"collection":[{"href":"https:\/\/pecsivillamos.hu\/index.php\/wp-json\/wp\/v2\/posts"}],"about":[{"href":"https:\/\/pecsivillamos.hu\/index.php\/wp-json\/wp\/v2\/types\/post"}],"author":[{"embeddable":true,"href":"https:\/\/pecsivillamos.hu\/index.php\/wp-json\/wp\/v2\/users\/1"}],"replies":[{"embeddable":true,"href":"https:\/\/pecsivillamos.hu\/index.php\/wp-json\/wp\/v2\/comments?post=58"}],"version-history":[{"count":3,"href":"https:\/\/pecsivillamos.hu\/index.php\/wp-json\/wp\/v2\/posts\/58\/revisions"}],"predecessor-version":[{"id":335,"href":"https:\/\/pecsivillamos.hu\/index.php\/wp-json\/wp\/v2\/posts\/58\/revisions\/335"}],"wp:attachment":[{"href":"https:\/\/pecsivillamos.hu\/index.php\/wp-json\/wp\/v2\/media?parent=58"}],"wp:term":[{"taxonomy":"category","embeddable":true,"href":"https:\/\/pecsivillamos.hu\/index.php\/wp-json\/wp\/v2\/categories?post=58"},{"taxonomy":"post_tag","embeddable":true,"href":"https:\/\/pecsivillamos.hu\/index.php\/wp-json\/wp\/v2\/tags?post=58"}],"curies":[{"name":"wp","href":"https:\/\/api.w.org\/{rel}","templated":true}]}}