{"id":37,"date":"2019-03-10T20:00:25","date_gmt":"2019-03-10T19:00:25","guid":{"rendered":"https:\/\/pecsivillamos.hu\/?p=37"},"modified":"2019-04-15T17:47:38","modified_gmt":"2019-04-15T15:47:38","slug":"4-tobb-erdekes-reszletet-tudunk-meg-a-pecsi-ujsagokbol","status":"publish","type":"post","link":"https:\/\/pecsivillamos.hu\/index.php\/2019\/03\/10\/4-tobb-erdekes-reszletet-tudunk-meg-a-pecsi-ujsagokbol\/","title":{"rendered":"4. T\u00f6bb \u00e9rdekes r\u00e9szletet tudunk meg a p\u00e9csi \u00fajs\u00e1gokb\u00f3l"},"content":{"rendered":"\n<p> <strong>&#8222;A villamosvas\u00fat teljes berendez\u00e9s\u00e9vel \u00e9s felszerel\u00e9s\u00e9vel egy\u00fctt P\u00e9cs v\u00e1ros k\u00f6z\u00f6ns\u00e9ge tulajdon\u00e1t k\u00e9pezi. A villamosvasutat a Ganz-f\u00e9le Villamoss\u00e1gi R\u00e9szv\u00e9nyt\u00e1rsas\u00e1g, budapesti c\u00e9g \u00e9p\u00edtette \u00e9s szerelte fel. Az \u00fczemvitelre a Ganz-f\u00e9le Villamoss\u00e1gi R\u00e9szv\u00e9nyt\u00e1rsas\u00e1g mint alap\u00edt\u00f3 megalak\u00edtotta a P\u00e9csi Villamos Vas\u00fati R\u00e9szv\u00e9nyt\u00e1rsas\u00e1got 200000 korona alapt\u0151k\u00e9vel (1000 darab r\u00e9szv\u00e9ny 200 korona). Az alapt\u0151ke 50%-\u00e1t P\u00e9cs szab. kir. v\u00e1ros k\u00f6z\u00f6ns\u00e9ge<\/strong>,<strong> mint a vas\u00fat tulajdonosa, 25%-\u00e1t Ganz f\u00e9le Villamoss\u00e1gi R\u00e9szv\u00e9nyt\u00e1rsas\u00e1g mint alap\u00edt\u00f3 \u00e9s 25%-\u00e1t a helyi \u00e9rdekelts\u00e9g jegyezte tiszt\u00e1n lok\u00e1lpatriotizmusb\u00f3l, azon hiedelemben, hogy a r\u00e9szv\u00e9nyekbe befektetett t\u0151k\u00e9je nem fog \u00e9vekig j\u00f6vedelmet hozni. A Ganz-f\u00e9le Villamoss\u00e1gi R\u00e9szv\u00e9nyt\u00e1rsas\u00e1g mint alap\u00edt\u00f3 a v\u00e1ros k\u00f6z\u00f6ns\u00e9g\u00e9vei k\u00f6t\u00f6tt szerz\u0151d\u00e9se \u00e9rtelm\u00e9ben m\u00e9g k\u00fcl\u00f6n 50 000 korona tartal\u00e9kalapot l\u00e9tes\u00edt az esetleges vesztes\u00e9gek fedez\u00e9s\u00e9re.<\/strong><\/p>\n\n\n\n<p> A P\u00e9csi Villamos Vas\u00fati R\u00e9szv\u00e9nyt\u00e1rsas\u00e1g P\u00e9cs v\u00e1ros k\u00f6z\u00f6ns\u00e9g\u00e9vei \u00fczemviteli szerz\u0151d\u00e9st k\u00f6t\u00f6tt, amely szab\u00e1lyozza a szerz\u0151d\u0151 felek jogviszony\u00e1t. Nem \u00e9rdektelen a szerz\u0151d\u00e9s alapvet\u0151 rendelkez\u00e9seinek r\u00f6vid ismertet\u00e9se. A szerz\u0151d\u00e9s 20 \u00e9vre sz\u00f3lt \u00e9s 1933. \u00e9vig tart. A r\u00e9szv\u00e9nyt\u00e1rsas\u00e1g \u00e1tveszi P\u00e9cs v\u00e1ros k\u00f6z\u00f6ns\u00e9g\u00e9t\u0151l a villamos vasutat, azt \u00fczembe helyezi \u00e9s a szerz\u0151d\u00e9s tartama alatt fenntartja, t\u00e9nyked\u00e9s\u00e9\u00e9rt a v\u00e1ros k\u00f6z\u00f6ns\u00e9g\u00e9t\u0151l a mindenkori beruh\u00e1z\u00e1si t\u0151ke egy sz\u00e1zal\u00e9k\u00e1t kapja, \u00fczem kezel\u00e9si d\u00edj c\u00edm\u00e9n. A szerz\u0151d\u00e9s szab\u00e1lyozza, hogy a vas\u00fat bev\u00e9teleib\u0151l a kiad\u00e1sok milyen sorrendben fedeztessenek, s az \u00fczemviteli r\u00e9szv\u00e9nyt\u00e1rsas\u00e1g csak abban az esetben tarthat ig\u00e9nyt a fent kik\u00f6t\u00f6tt j\u00f6vedelemre, ha az els\u0151sorban kik\u00f6t\u00f6tt kiad\u00e1saik fedezetet nyernek a vas\u00fat bev\u00e9teleib\u0151l. Ha azonban az \u00f6sszes szerz\u0151d\u00e9s szerinti kiad\u00e1sok teljes\u00edt\u00e9se ut\u00e1n m\u00e9g felesleg mutatkozik, azt a z\u00e1rsz\u00e1mad\u00e1skor egyidej\u0171leg tartozik a r\u00e9szv\u00e9nyt\u00e1rsas\u00e1g a v\u00e1ros p\u00e9nzt\u00e1r\u00e1ba befizetni, mert a r\u00e9szv\u00e9nyt\u00e1rsas\u00e1gnak az eml\u00edtett 1 %-n\u00e1l nagyobb j\u00f6vedelme a villamos vas\u00fatb\u00f3l nem lehet.<\/p>\n\n\n\n<p> <br>P\u00e9cs v\u00e1ros k\u00f6z\u00f6ns\u00e9ge a 20 \u00e9v lej\u00e1rta ut\u00e1n 300 000 koron\u00e1t tartozik, v\u00e9gkiel\u00e9g\u00edt\u00e9s c\u00edm\u00e9n a r\u00e9szv\u00e9nyt\u00e1rsas\u00e1gnak fizetni.&#8221;<\/p>\n\n\n\n<p> &nbsp;<br>1913. okt\u00f3ber 16-\u00e1n sor ker\u00fclt a p\u00e9csi villamos pr\u00f3baj\u00e1rat\u00e1ra: &#8222;Tegnap d\u00e9lut\u00e1nra volt tervezve a p\u00e9csi villamosvas\u00fat pr\u00f3baj\u00e1rata, de a pr\u00f3bakocsi \u00e9ppen csak kil\u00e9pett a rem\u00edzb\u0151l \u00e9s az Ir\u00e1nyi D\u00e1niel t\u00e9r als\u00f3 r\u00e9sz\u00e9n j\u00e1rt egy keveset ide-oda. Tegnap teh\u00e1t csak csek\u00e9ly sz\u00e1m\u00fa n\u00e9z\u0151k\u00f6z\u00f6ns\u00e9g \u00e9lvezhette a p\u00e9csi villamosvasutat, amely ma m\u00e1r t\u00f6bbet mer\u00e9szelt \u00e9s a rem\u00edzb\u0151l a Kir\u00e1ly-utc\u00e1n v\u00e9gig d\u00f6c\u00f6g\u00f6tt a v\u00e1ros sz\u00e9kh\u00e1z\u00e1ig. Kiss\u00e9 neh\u00e9z volt az els\u0151 \u00fatja. A villamos s\u00ednekbe beette mag\u00e1t a f\u00f6ld \u00e9s kavicst\u00f6rmel\u00e9k \u00e9s nagy buzgalommal kellett tisztogatni a j\u00e1rm\u0171 el\u0151tt az utat. A villamos babal\u00e9p\u00e9sben haladt, t\u00fcrelmes volt \u00e9s \u00f3vatosan tett n\u00e9h\u00e1ny l\u00e9p\u00e9st, hogy \u00fajra meg\u00e1lljon \u00e9s v\u00e1rja, am\u00edg n\u00e9h\u00e1ny l\u00e9p\u00e9sre ism\u00e9t szabad lesz az \u00fat. \u00cdgy \u00e9rt el a v\u00e1rosh\u00e1z\u00e1ig a h\u00e1rmas sz\u00e1m\u00fa villamoskocsi, melynek el\u0151sz\u00f6r jutott az a kiv\u00e1l\u00f3 szerencse, hogy a p\u00e9csi k\u00f6z\u00f6ns\u00e9g osztatlan csod\u00e1lat\u00e1t kiv\u00edvja. A v\u00e1rosi sz\u00e9kh\u00e1z el\u0151tt m\u00e1r utasai is akadtak a csinos kis kocsinak, amelynek st\u00edlusa teljesen a budapesti v\u00e1rosi villamos, \u00fagynevezett &#8222;s\u00e1rga&#8221; kocsijaira vall. H\u00fasz \u00fcl\u0151helyet foglalnak magukban, az \u00e1ll\u00f3helyekre pedig szint\u00e9n joggal prenumer\u00e1lhat egy-egy kocsin h\u00fasz p\u00e9csi polg\u00e1r. A pr\u00f3bakocsik\u00e1z\u00e1s els\u0151 utasai Rauch J\u00e1nos f\u0151m\u00e9rn\u00f6k, Z\u00e1ray K\u00e1roly, ifj\u00fa F\u00fcrst Gyula bizotts\u00e1gi tagok, L\u00e9pes Gy\u00f6rgy \u00fczletvezet\u0151 igazgat\u00f3, J\u00e1nossy B\u00e9la, Fabriczius Lajos, Ganz-gy\u00e1ri m\u00e9rn\u00f6k\u00f6k, F\u0151z\u0151 \u00e9s Baj\u00e1n m\u00e9rn\u00f6k\u00f6k, tov\u00e1bb\u00e1 a sajt\u00f3 k\u00e9pvisel\u0151i voltak.&#8221;<\/p>\n\n\n\n<p>\n&nbsp;<br><strong>Egy\nnevezetes p\u00e9csi \u00fcnnep: 1913. okt\u00f3ber 20-\u00e1n megindult a p\u00e9csi\nvillamos vas\u00fat:<\/strong><\/p>\n\n\n\n<p> <br>&#8211; Pontosan 9 \u00f3rakor megt\u00f6rt\u00e9nt a villamosvas\u00fati p\u00e1lya m\u0171szaki bej\u00e1r\u00e1sa \u00e9s az \u00fan. &#8222;m\u0171tanrend\u0151ri&#8221; fel\u00fclvizsg\u00e1lat. H\u00e1romnegyed tizenegyre \u00e9rkezett vissza a b\u00edzotts\u00e1g a v\u00e1rosh\u00e1z\u00e1ra, ahol a tan\u00e1csteremben megszerkesztett\u00e9k az \u00fczembehelyez\u00e9si jegyz\u0151k\u00f6nyvet. A j\u00e1ratok ind\u00edt\u00e1s\u00e1t a kereskedelmi miniszter nev\u00e9ben egy \u00e1llamtitk\u00e1r enged\u00e9lyezte. P\u00e9cs v\u00e1ros nev\u00e9ben Nendtvich Andor polg\u00e1rmester k\u00f6sz\u00f6netet mondott, hogy a v\u00e1ros tizenhat \u00e9ves \u00e1lmai val\u00f3ra v\u00e1lhattak. A v\u00e1rosaty\u00e1k \u00e9s a bizotts\u00e1g ezut\u00e1n a menetrendszer\u0171en k\u00f6zleked\u0151 villamoskocsikra sz\u00e1lltak, \u00e9s v\u00e9gigutazt\u00e1k a p\u00e1lyaszakaszokat. D\u00e9lut\u00e1n negyed kett\u0151kor a N\u00e1dor Sz\u00e1llod\u00e1ban nagyszab\u00e1s\u00fa bankettel \u00fcnnepelte a v\u00e1ros vezet\u0151s\u00e9ge a villamosvas\u00fat sikeres forgalomba helyez\u00e9s\u00e9t.<\/p>\n\n\n\n<p> <strong>A v\u00e1ros \u00fcnnep\u00e9r\u0151l a kor kr\u00f3nik\u00e1sa \u00edgy sz\u00e1molt be:<\/strong>&nbsp;<br>&#8222;Amerre az utc\u00e1n lefektetett s\u00ednp\u00e1r kanyarog, z\u00e1szl\u00f3d\u00edszben k\u00f6sz\u00f6nt\u00f6tte ma a v\u00e1ros a k\u00f6z\u00fati villamos vas\u00fat megindul\u00e1s\u00e1t. Az alkot\u00e1s munk\u00e1ja &#8211; legal\u00e1bb egyel\u0151re befejez\u0151d\u00f6tt. Az alkot\u00f3k megpihenhetnek s most m\u00e1r dolgozni fog maga a m\u0171, hogy t\u00e9nyleg val\u00f3ra v\u00e1ltsa azokat a rem\u00e9nyeket, amelyeket az eg\u00e9sz v\u00e1ros polg\u00e1rs\u00e1ga f\u0171z\u00f6tt hozz\u00e1. A kezdet mindenesetre b\u00edztat\u00f3. A k\u00e9kszeg\u00e9lyes s\u00e1rga motorkocsik ma \u00e1lland\u00f3an utasokkal zs\u00fafolva k\u00f6zlekedtek. Tudjuk nagyon j\u00f3l, hogy ezt a szokatlanul nagy \u00e9rdekl\u0151d\u00e9st egyel\u0151re m\u00e9g nem sz\u00fcks\u00e9glet, hanem a k\u00edv\u00e1ncsis\u00e1g, a villamos k\u00f6zleked\u00e9s \u00fajszer\u0171s\u00e9g \u00e9nek sz\u00e1ml\u00e1j\u00e1ra kell elk\u00f6nyveln\u00fcnk. \u00c1mde az m\u00e9gis bizonyos &#8211; \u00e9s ezt \u00f6r\u00f6mmel konstat\u00e1ljuk &#8211; hogy a v\u00e1ros eg\u00e9sz k\u00f6z\u00f6ns\u00e9g\u00e9nek minden r\u00e9teg\u00e9b\u0151l a legmelegebb \u00e9rdekl\u0151d\u00e9s nyilv\u00e1nult meg a villamos ir\u00e1nt \u00e9s semmi k\u00e9ts\u00e9g\u00fcnk nem lehet, hogy az \u00e9rdekl\u0151d\u00e9s lassan megszok\u00e1ss\u00e1 \u00e9s ,,sz\u00fcks\u00e9glett\u00e9 fog \u00e1talakulni.&#8221; <\/p>\n\n\n\n<p>\n5\nDun\u00e1nt\u00fal. A p\u00e9csi villamos vas\u00fat 16 \u00e9ves t\u00f6rt\u00e9nete. 1929.\ndecember 25.&nbsp;<br>6\nDun\u00e1nt\u00fal. 1913. okt\u00f3ber 17. A p\u00e9csi villamos pr\u00f3baj\u00e1rata.<\/p>\n\n\n\n<p>\n7\nP\u00e9csi Napl\u00f3. 1913. okt\u00f3ber 21. \u00dczemben a villamos.&nbsp;<\/p>\n\n\n\n<figure class=\"wp-block-image\"><img loading=\"lazy\" decoding=\"async\" width=\"976\" height=\"568\" src=\"https:\/\/pecsivillamos.hu\/wp-content\/uploads\/2019\/04\/4..jpg\" alt=\"\" class=\"wp-image-38\" srcset=\"https:\/\/pecsivillamos.hu\/wp-content\/uploads\/2019\/04\/4..jpg 976w, https:\/\/pecsivillamos.hu\/wp-content\/uploads\/2019\/04\/4.-450x262.jpg 450w, https:\/\/pecsivillamos.hu\/wp-content\/uploads\/2019\/04\/4.-300x175.jpg 300w, https:\/\/pecsivillamos.hu\/wp-content\/uploads\/2019\/04\/4.-768x447.jpg 768w\" sizes=\"auto, (max-width: 976px) 100vw, 976px\" \/><figcaption>1. \u00e1bra. \u00dcnnep\u00e9lyes \u00fczembe helyez\u00e9s (1913. okt\u00f3ber 20.) <\/figcaption><\/figure>\n","protected":false},"excerpt":{"rendered":"<p>&#8222;A villamosvas\u00fat teljes berendez\u00e9s\u00e9vel \u00e9s felszerel\u00e9s\u00e9vel egy\u00fctt P\u00e9cs v\u00e1ros k\u00f6z\u00f6ns\u00e9ge tulajdon\u00e1t k\u00e9pezi. A villamosvasutat a Ganz-f\u00e9le Villamoss\u00e1gi R\u00e9szv\u00e9nyt\u00e1rsas\u00e1g, budapesti c\u00e9g \u00e9p\u00edtette \u00e9s szerelte fel. Az \u00fczemvitelre a Ganz-f\u00e9le Villamoss\u00e1gi R\u00e9szv\u00e9nyt\u00e1rsas\u00e1g mint alap\u00edt\u00f3 megalak\u00edtotta a P\u00e9csi Villamos Vas\u00fati R\u00e9szv\u00e9nyt\u00e1rsas\u00e1got 200000 korona alapt\u0151k\u00e9vel (1000 darab r\u00e9szv\u00e9ny 200 korona). Az alapt\u0151ke 50%-\u00e1t P\u00e9cs szab. kir. v\u00e1ros k\u00f6z\u00f6ns\u00e9ge, mint &hellip; <\/p>\n<p class=\"link-more\"><a href=\"https:\/\/pecsivillamos.hu\/index.php\/2019\/03\/10\/4-tobb-erdekes-reszletet-tudunk-meg-a-pecsi-ujsagokbol\/\" class=\"more-link\"><span class=\"screen-reader-text\">&#8222;4. T\u00f6bb \u00e9rdekes r\u00e9szletet tudunk meg a p\u00e9csi \u00fajs\u00e1gokb\u00f3l&#8221;<\/span> b\u0151vebben<\/a><\/p>\n","protected":false},"author":2,"featured_media":0,"comment_status":"closed","ping_status":"closed","sticky":false,"template":"","format":"standard","meta":{"footnotes":""},"categories":[4],"tags":[],"class_list":["post-37","post","type-post","status-publish","format-standard","hentry","category-tortenelem","entry"],"_links":{"self":[{"href":"https:\/\/pecsivillamos.hu\/index.php\/wp-json\/wp\/v2\/posts\/37","targetHints":{"allow":["GET"]}}],"collection":[{"href":"https:\/\/pecsivillamos.hu\/index.php\/wp-json\/wp\/v2\/posts"}],"about":[{"href":"https:\/\/pecsivillamos.hu\/index.php\/wp-json\/wp\/v2\/types\/post"}],"author":[{"embeddable":true,"href":"https:\/\/pecsivillamos.hu\/index.php\/wp-json\/wp\/v2\/users\/2"}],"replies":[{"embeddable":true,"href":"https:\/\/pecsivillamos.hu\/index.php\/wp-json\/wp\/v2\/comments?post=37"}],"version-history":[{"count":2,"href":"https:\/\/pecsivillamos.hu\/index.php\/wp-json\/wp\/v2\/posts\/37\/revisions"}],"predecessor-version":[{"id":42,"href":"https:\/\/pecsivillamos.hu\/index.php\/wp-json\/wp\/v2\/posts\/37\/revisions\/42"}],"wp:attachment":[{"href":"https:\/\/pecsivillamos.hu\/index.php\/wp-json\/wp\/v2\/media?parent=37"}],"wp:term":[{"taxonomy":"category","embeddable":true,"href":"https:\/\/pecsivillamos.hu\/index.php\/wp-json\/wp\/v2\/categories?post=37"},{"taxonomy":"post_tag","embeddable":true,"href":"https:\/\/pecsivillamos.hu\/index.php\/wp-json\/wp\/v2\/tags?post=37"}],"curies":[{"name":"wp","href":"https:\/\/api.w.org\/{rel}","templated":true}]}}