{"id":248,"date":"2015-12-31T11:46:56","date_gmt":"2015-12-31T10:46:56","guid":{"rendered":"https:\/\/pecsivillamos.hu\/?p=248"},"modified":"2019-04-16T11:50:41","modified_gmt":"2019-04-16T09:50:41","slug":"27-megallo-2015-december","status":"publish","type":"post","link":"https:\/\/pecsivillamos.hu\/index.php\/2015\/12\/31\/27-megallo-2015-december\/","title":{"rendered":"27. meg\u00e1ll\u00f3: 2015. December"},"content":{"rendered":"\n<p>2015 utols\u00f3 h\u00f3napja sem m\u00falt el programok n\u00e9lk\u00fcl a villamosban.<\/p>\n\n\n\n<p>Adventtel villamosunk is \u00fcnnepi hangulatba \u00f6lt\u00f6z\u00f6tt, a sz\u00ednes f\u00e9nyek minden nap k\u00e9s\u0151 estig tett\u00e9k sz\u00ednesebb\u00e9 a Ferencesek utc\u00e1ja v\u00e9g\u00e9t.<\/p>\n\n\n\n<ul class=\"wp-block-list\"><li>December els\u0151 het\u00e9ben tov\u00e1bb folytat\u00f3dott a november v\u00e9g\u00e9n megnyitott Forr\u00e1sv\u00e9dn\u00f6k\u00f6k hete.<\/li><li>December 05-\u00e9n d\u00e9lut\u00e1n K\u00e9zm\u0171ves foglalkoz\u00e1ssal, arcfest\u00e9ssel k\u00e9sz\u00fclt\u00fcnk, \u00e9s v\u00e1rtuk a Mikul\u00e1st.<\/li><li>December 18-\u00e1n a Szolidarit\u00e1s \u00e9jszak\u00e1j\u00e1hoz csatlakozva Villamosunk \u00e9l\u0151 k\u00f6nyvt\u00e1rr\u00e1 alakult.&nbsp;<\/li><li>December 21-\u00e9n Marosi Katalin hozta el k\u00f6nyveit, egy kellemes besz\u00e9lget\u00e9s sor\u00e1n mindenki megismerhette az \u00cdr\u00f3n\u0151t, \u00e9s jobban meg\u00e9rthett\u00fck a k\u00f6nyveket, annak h\u00e1tter\u00e9t. Majd k\u00f6z\u00f6sen elkezdt\u00fck feld\u00edsz\u00edteni villamosunk kar\u00e1csonyf\u00e1j\u00e1t.<\/li><li>Decemberben l\u00e1togat\u00f3ink egy kis m\u00e9zeskal\u00e1csot kaptak aj\u00e1nd\u00e9kba.<\/li><li>Nagy \u00f6r\u00f6m\u00fcnkre az \u00fcnnepek k\u00f6z\u00f6tti napokon is sokan l\u00e1togattak el villamosunkba, \u00f6r\u00f6m\u00fcnket tov\u00e1bb emelte a vend\u00e9gk\u00f6nyv\u00fcnkbe \u00e9rkez\u0151 bejegyz\u00e9sek is.<\/li><li>December v\u00e9g\u00e9n meg\u00e9rkezett Ikarus makettki\u00e1ll\u00edt\u00e1sunk leg\u00fajabb darabja is. \u00c9rdemes megtekinteni \u0151ket is.<\/li><\/ul>\n\n\n\n<p>\u00a0<em>2016-ban is sok \u00e9rdekes programmal v\u00e1runk mindenkit, \u00e9rdemes visszal\u00e1togatni hozz\u00e1nk, \u00e9s k\u00f6vetni oldalunkat a facebookon is:\u00a0<a href=\"http:\/\/www.facebook.com\/pecsivillamos\">www.facebook.com\/pecsivillamos<\/a><\/em><\/p>\n\n\n\n<figure class=\"wp-block-image\"><img loading=\"lazy\" decoding=\"async\" width=\"1024\" height=\"783\" src=\"https:\/\/pecsivillamos.hu\/wp-content\/uploads\/2019\/04\/img-1-2-1024x783.jpg\" alt=\"\" class=\"wp-image-249\" srcset=\"https:\/\/pecsivillamos.hu\/wp-content\/uploads\/2019\/04\/img-1-2-1024x783.jpg 1024w, https:\/\/pecsivillamos.hu\/wp-content\/uploads\/2019\/04\/img-1-2-450x344.jpg 450w, https:\/\/pecsivillamos.hu\/wp-content\/uploads\/2019\/04\/img-1-2-300x229.jpg 300w, https:\/\/pecsivillamos.hu\/wp-content\/uploads\/2019\/04\/img-1-2-768x587.jpg 768w, https:\/\/pecsivillamos.hu\/wp-content\/uploads\/2019\/04\/img-1-2.jpg 1035w\" sizes=\"auto, (max-width: 1024px) 100vw, 1024px\" \/><\/figure>\n\n\n\n<figure class=\"wp-block-image\"><img loading=\"lazy\" decoding=\"async\" width=\"622\" height=\"960\" src=\"https:\/\/pecsivillamos.hu\/wp-content\/uploads\/2019\/04\/img-2-1.jpg\" alt=\"\" class=\"wp-image-250\" srcset=\"https:\/\/pecsivillamos.hu\/wp-content\/uploads\/2019\/04\/img-2-1.jpg 622w, https:\/\/pecsivillamos.hu\/wp-content\/uploads\/2019\/04\/img-2-1-450x695.jpg 450w, https:\/\/pecsivillamos.hu\/wp-content\/uploads\/2019\/04\/img-2-1-194x300.jpg 194w\" sizes=\"auto, (max-width: 622px) 100vw, 622px\" \/><\/figure>\n","protected":false},"excerpt":{"rendered":"<p>2015 utols\u00f3 h\u00f3napja sem m\u00falt el programok n\u00e9lk\u00fcl a villamosban. Adventtel villamosunk is \u00fcnnepi hangulatba \u00f6lt\u00f6z\u00f6tt, a sz\u00ednes f\u00e9nyek minden nap k\u00e9s\u0151 estig tett\u00e9k sz\u00ednesebb\u00e9 a Ferencesek utc\u00e1ja v\u00e9g\u00e9t. December els\u0151 het\u00e9ben tov\u00e1bb folytat\u00f3dott a november v\u00e9g\u00e9n megnyitott Forr\u00e1sv\u00e9dn\u00f6k\u00f6k hete. December 05-\u00e9n d\u00e9lut\u00e1n K\u00e9zm\u0171ves foglalkoz\u00e1ssal, arcfest\u00e9ssel k\u00e9sz\u00fclt\u00fcnk, \u00e9s v\u00e1rtuk a Mikul\u00e1st. December 18-\u00e1n a Szolidarit\u00e1s &hellip; <\/p>\n<p class=\"link-more\"><a href=\"https:\/\/pecsivillamos.hu\/index.php\/2015\/12\/31\/27-megallo-2015-december\/\" class=\"more-link\"><span class=\"screen-reader-text\">&#8222;27. meg\u00e1ll\u00f3: 2015. December&#8221;<\/span> b\u0151vebben<\/a><\/p>\n","protected":false},"author":2,"featured_media":0,"comment_status":"closed","ping_status":"closed","sticky":false,"template":"","format":"standard","meta":{"footnotes":""},"categories":[3],"tags":[],"class_list":["post-248","post","type-post","status-publish","format-standard","hentry","category-esemeny","entry"],"_links":{"self":[{"href":"https:\/\/pecsivillamos.hu\/index.php\/wp-json\/wp\/v2\/posts\/248","targetHints":{"allow":["GET"]}}],"collection":[{"href":"https:\/\/pecsivillamos.hu\/index.php\/wp-json\/wp\/v2\/posts"}],"about":[{"href":"https:\/\/pecsivillamos.hu\/index.php\/wp-json\/wp\/v2\/types\/post"}],"author":[{"embeddable":true,"href":"https:\/\/pecsivillamos.hu\/index.php\/wp-json\/wp\/v2\/users\/2"}],"replies":[{"embeddable":true,"href":"https:\/\/pecsivillamos.hu\/index.php\/wp-json\/wp\/v2\/comments?post=248"}],"version-history":[{"count":1,"href":"https:\/\/pecsivillamos.hu\/index.php\/wp-json\/wp\/v2\/posts\/248\/revisions"}],"predecessor-version":[{"id":251,"href":"https:\/\/pecsivillamos.hu\/index.php\/wp-json\/wp\/v2\/posts\/248\/revisions\/251"}],"wp:attachment":[{"href":"https:\/\/pecsivillamos.hu\/index.php\/wp-json\/wp\/v2\/media?parent=248"}],"wp:term":[{"taxonomy":"category","embeddable":true,"href":"https:\/\/pecsivillamos.hu\/index.php\/wp-json\/wp\/v2\/categories?post=248"},{"taxonomy":"post_tag","embeddable":true,"href":"https:\/\/pecsivillamos.hu\/index.php\/wp-json\/wp\/v2\/tags?post=248"}],"curies":[{"name":"wp","href":"https:\/\/api.w.org\/{rel}","templated":true}]}}