{"id":244,"date":"2015-11-30T11:45:25","date_gmt":"2015-11-30T10:45:25","guid":{"rendered":"https:\/\/pecsivillamos.hu\/?p=244"},"modified":"2019-04-16T11:46:53","modified_gmt":"2019-04-16T09:46:53","slug":"26-megallo-2015-november","status":"publish","type":"post","link":"https:\/\/pecsivillamos.hu\/index.php\/2015\/11\/30\/26-megallo-2015-november\/","title":{"rendered":"26. meg\u00e1ll\u00f3: 2015. November"},"content":{"rendered":"\n<p><em>Novemberben is t\u00f6bb sz\u00ednes program csalogatta villamosunkba a nosztalgi\u00e1ra \u00e9s kult\u00far\u00e1ra v\u00e1gy\u00f3 p\u00e9csieket \u00e9s a v\u00e1rosunkba l\u00e1togat\u00f3kat.<\/em><\/p>\n\n\n\n<ul class=\"wp-block-list\"><li>November 3-\u00e1n ny\u00edlt meg T\u00f3th Juci Helyi j\u00e1rat c\u00edm\u0171 ki\u00e1ll\u00edt\u00e1sa, az alkot\u00e1sok h\u00e1rom h\u00e9tig voltak megtekinthet\u0151ek. A sz\u00ednes install\u00e1ci\u00f3kat, a novemberi naps\u00fct\u00e9s k\u00fcl\u00f6nleges, egyedi form\u00e1kk\u00e1 var\u00e1zsolta.<\/li><li>November 9-\u00e9n \u00fajra Ribizli boh\u00f3c l\u00e1togatott el hozz\u00e1nk. A siker nem maradt el, a gyerekek nagy kedvenc\u00e9re megtelt villamosunk, el\u0151tte a Neon Paletta m\u0171v\u00e9szell\u00e1t\u00f3 web\u00e1ruh\u00e1z arcfest\u0151je \u00f6lt\u00f6ztette szebbn\u00e9l szebb &#8222;maskar\u00e1ba&#8221; a gyerekeket.<\/li><li>November 23-\u00e1n megnyitotta kapuit a Forr\u00e1sv\u00e9d\u0151k hete. A sikernek k\u00f6sz\u00f6nhet\u0151en k\u00e9t h\u00e9tig lehetett megtekinteni a fot\u00f3ki\u00e1ll\u00edt\u00e1st, az igazi forr\u00e1s maketteket, \u00e9s m\u00e9g forr\u00e1svizet is lehetett k\u00f3stolni.&nbsp;<\/li><\/ul>\n\n\n\n<p>T\u00f6bb \u00f3vod\u00e1s, iskol\u00e1s \u00e9s egyetemista csoportnak is tartottunk villamos\u00f3r\u00e1t novemberben.<\/p>\n\n\n\n<p>Szerencs\u00e9re az id\u0151j\u00e1r\u00e1s kegyes volt hozz\u00e1nk, a megszokottn\u00e1l melegebb id\u0151ben, kellemes id\u0151 fogadta l\u00e1togat\u00f3inkat.<\/p>\n\n\n\n<p>November v\u00e9g\u00e9n \u00fcnnepi f\u00e9nyekbe bor\u00edtottuk villamosunkat, \u00e9s a k\u00f6vetkez\u0151 napokban tov\u00e1bb dolgozunk azon, hogy m\u00e9g kellemesebb h\u0151m\u00e9rs\u00e9kletben az igazi t\u00e9li h\u00f3napokban is \u00e9lm\u00e9ny legyen felsz\u00e1llni a m\u00e1r t\u00f6bb mint 100 \u00e9ves p\u00e9csi villamosba.<\/p>\n\n\n\n<p><strong>Sz\u00ednes programokkal k\u00e9sz\u00fcl\u00fcnk decemberben is.<\/strong><\/p>\n\n\n\n<p><strong>\u00c9rdemes folyamatosan k\u00f6vetni facebook oldalunkat is!\u00a0<a href=\"http:\/\/www.facebook.com\/pecsivillamos\">www.facebook.com\/pecsivillamos<\/a><\/strong><\/p>\n\n\n\n<figure class=\"wp-block-image\"><img loading=\"lazy\" decoding=\"async\" width=\"787\" height=\"993\" src=\"https:\/\/pecsivillamos.hu\/wp-content\/uploads\/2019\/04\/img-1.jpg\" alt=\"\" class=\"wp-image-245\" srcset=\"https:\/\/pecsivillamos.hu\/wp-content\/uploads\/2019\/04\/img-1.jpg 787w, https:\/\/pecsivillamos.hu\/wp-content\/uploads\/2019\/04\/img-1-450x568.jpg 450w, https:\/\/pecsivillamos.hu\/wp-content\/uploads\/2019\/04\/img-1-238x300.jpg 238w, https:\/\/pecsivillamos.hu\/wp-content\/uploads\/2019\/04\/img-1-768x969.jpg 768w\" sizes=\"auto, (max-width: 787px) 100vw, 787px\" \/><\/figure>\n\n\n\n<figure class=\"wp-block-image\"><img loading=\"lazy\" decoding=\"async\" width=\"1024\" height=\"783\" src=\"https:\/\/pecsivillamos.hu\/wp-content\/uploads\/2019\/04\/img-1-1-1024x783.jpg\" alt=\"\" class=\"wp-image-246\" srcset=\"https:\/\/pecsivillamos.hu\/wp-content\/uploads\/2019\/04\/img-1-1-1024x783.jpg 1024w, https:\/\/pecsivillamos.hu\/wp-content\/uploads\/2019\/04\/img-1-1-450x344.jpg 450w, https:\/\/pecsivillamos.hu\/wp-content\/uploads\/2019\/04\/img-1-1-300x229.jpg 300w, https:\/\/pecsivillamos.hu\/wp-content\/uploads\/2019\/04\/img-1-1-768x587.jpg 768w, https:\/\/pecsivillamos.hu\/wp-content\/uploads\/2019\/04\/img-1-1.jpg 1035w\" sizes=\"auto, (max-width: 1024px) 100vw, 1024px\" \/><\/figure>\n","protected":false},"excerpt":{"rendered":"<p>Novemberben is t\u00f6bb sz\u00ednes program csalogatta villamosunkba a nosztalgi\u00e1ra \u00e9s kult\u00far\u00e1ra v\u00e1gy\u00f3 p\u00e9csieket \u00e9s a v\u00e1rosunkba l\u00e1togat\u00f3kat. November 3-\u00e1n ny\u00edlt meg T\u00f3th Juci Helyi j\u00e1rat c\u00edm\u0171 ki\u00e1ll\u00edt\u00e1sa, az alkot\u00e1sok h\u00e1rom h\u00e9tig voltak megtekinthet\u0151ek. A sz\u00ednes install\u00e1ci\u00f3kat, a novemberi naps\u00fct\u00e9s k\u00fcl\u00f6nleges, egyedi form\u00e1kk\u00e1 var\u00e1zsolta. November 9-\u00e9n \u00fajra Ribizli boh\u00f3c l\u00e1togatott el hozz\u00e1nk. A siker nem maradt &hellip; <\/p>\n<p class=\"link-more\"><a href=\"https:\/\/pecsivillamos.hu\/index.php\/2015\/11\/30\/26-megallo-2015-november\/\" class=\"more-link\"><span class=\"screen-reader-text\">&#8222;26. meg\u00e1ll\u00f3: 2015. November&#8221;<\/span> b\u0151vebben<\/a><\/p>\n","protected":false},"author":2,"featured_media":0,"comment_status":"closed","ping_status":"closed","sticky":false,"template":"","format":"standard","meta":{"footnotes":""},"categories":[3],"tags":[],"class_list":["post-244","post","type-post","status-publish","format-standard","hentry","category-esemeny","entry"],"_links":{"self":[{"href":"https:\/\/pecsivillamos.hu\/index.php\/wp-json\/wp\/v2\/posts\/244","targetHints":{"allow":["GET"]}}],"collection":[{"href":"https:\/\/pecsivillamos.hu\/index.php\/wp-json\/wp\/v2\/posts"}],"about":[{"href":"https:\/\/pecsivillamos.hu\/index.php\/wp-json\/wp\/v2\/types\/post"}],"author":[{"embeddable":true,"href":"https:\/\/pecsivillamos.hu\/index.php\/wp-json\/wp\/v2\/users\/2"}],"replies":[{"embeddable":true,"href":"https:\/\/pecsivillamos.hu\/index.php\/wp-json\/wp\/v2\/comments?post=244"}],"version-history":[{"count":1,"href":"https:\/\/pecsivillamos.hu\/index.php\/wp-json\/wp\/v2\/posts\/244\/revisions"}],"predecessor-version":[{"id":247,"href":"https:\/\/pecsivillamos.hu\/index.php\/wp-json\/wp\/v2\/posts\/244\/revisions\/247"}],"wp:attachment":[{"href":"https:\/\/pecsivillamos.hu\/index.php\/wp-json\/wp\/v2\/media?parent=244"}],"wp:term":[{"taxonomy":"category","embeddable":true,"href":"https:\/\/pecsivillamos.hu\/index.php\/wp-json\/wp\/v2\/categories?post=244"},{"taxonomy":"post_tag","embeddable":true,"href":"https:\/\/pecsivillamos.hu\/index.php\/wp-json\/wp\/v2\/tags?post=244"}],"curies":[{"name":"wp","href":"https:\/\/api.w.org\/{rel}","templated":true}]}}