{"id":236,"date":"2015-10-31T11:41:21","date_gmt":"2015-10-31T10:41:21","guid":{"rendered":"https:\/\/pecsivillamos.hu\/?p=236"},"modified":"2019-04-16T11:44:52","modified_gmt":"2019-04-16T09:44:52","slug":"25-megallo-2015-oktober","status":"publish","type":"post","link":"https:\/\/pecsivillamos.hu\/index.php\/2015\/10\/31\/25-megallo-2015-oktober\/","title":{"rendered":"25. meg\u00e1ll\u00f3: 2015. Okt\u00f3ber"},"content":{"rendered":"\n<p>Okt\u00f3berben sz\u00ednes \u0151szi programokkal v\u00e1rtuk a villamosba l\u00e1togat\u00f3kat.<\/p>\n\n\n\n<p>A program \u00f6ssze\u00e1ll\u00edt\u00e1s\u00e1n\u00e1l az egyik fontos szempont az volt, hogy okt\u00f3ber 20-\u00e1n eml\u00e9kezt\u00fcnk meg a P\u00e9csi Villamos elindul\u00e1s\u00e1nak 102. \u00e9vfordul\u00f3j\u00e1r\u00f3l, \u00e9s ezzel egy\u00fctt \u00fcnnepelt\u00fck villamosunk megnyit\u00e1s\u00e1nak m\u00e1sodik sz\u00fclet\u00e9snapj\u00e1t is.<\/p>\n\n\n\n<p>Ez\u00e9rt az \u00e1lland\u00f3 egykori p\u00e9csi villamost bemutat\u00f3 ki\u00e1ll\u00edt\u00e1s mellett, okt\u00f3ber v\u00e9g\u00e9ig megtekinthet\u0151 volt az elm\u00falt k\u00e9t \u00e9v\u00fcnkb\u0151l v\u00e1logatott fot\u00f3 ki\u00e1ll\u00edt\u00e1s is.<\/p>\n\n\n\n<p>Amit k\u00edn\u00e1ltunk okt\u00f3berben:<\/p>\n\n\n\n<p><strong>Okt\u00f3ber 17-\u00e9n<\/strong>&nbsp;\u00fajraind\u00edtottuk felolvas\u00f3 estjeinket: J.R.K. Kilvinger l\u00e1togatott el hozz\u00e1nk, \u00e9s mutatta be a Fang &#8211; monell 12 pr\u00f3b\u00e1ja &#8211; A P\u00e1rduc gyermekei k\u00f6tet\u00e9t.<\/p>\n\n\n\n<p><strong>Okt\u00f3ber 20-\u00e1n<\/strong>&nbsp;megny\u00edlt id\u0151szaki ki\u00e1ll\u00edt\u00e1sunk az elm\u00falt k\u00e9t \u00e9v\u00fcnkr\u0151l<\/p>\n\n\n\n<p><strong>Okt\u00f3ber 21-\u00e9n<\/strong>&nbsp;a Zenesz\u00fcret Pannonpower Zenel\u00e9pcs\u0151 programsorozat helysz\u00edne volt villamosunk, Egy 5 f\u0151s klarin\u00e9t kar jobbn\u00e1l jobb zen\u00e9kkel sz\u00ednes\u00edtette be a d\u00e9lut\u00e1nunkat.<\/p>\n\n\n\n<p><strong>Okt\u00f3ber 24-\u00e9n<\/strong>&nbsp;A Szemem F\u00e9nye alap\u00edtv\u00e1ny csal\u00e1di d\u00e9lut\u00e1nja keret\u00e9ben megismerkedhett\u00fcnk az alap\u00edtv\u00e1ny munk\u00e1j\u00e1val, az \u00e9p\u00fcl\u0151 Gyermek hospiceh\u00e1zzal valamint Gajcsi Blanka is bemutatta azokat a daru \u00e9kszereket melyek elad\u00e1s\u00e1val a hospice h\u00e1z \u00e9p\u00edt\u00e9s\u00e9t szeretn\u00e9 t\u00e1mogatni.<\/p>\n\n\n\n<p><strong>Okt\u00f3ber 31-\u00e9n<\/strong>&nbsp;Halloweeni hangulatba \u00f6lt\u00f6ztett\u00fck villamosunkat volt arcfest\u00e9s a gyerekeknek, \u00e9s DJ Chefman zen\u00e9vel dobta fel az est\u00e9t.<\/p>\n\n\n\n<p><strong>Esem\u00e9nyeinket r\u00e9szletesebben megtekinthetik facebook oldalunkon is:&nbsp;<a href=\"https:\/\/www.facebook.com\/pecsivillamos\/\" target=\"_blank\" rel=\"noreferrer noopener\">facebook.com\/pecsivillamos<\/a><\/strong><\/p>\n\n\n\n<p><strong>Novemberben is sz\u00e1mos programmal v\u00e1rjuk l\u00e1togat\u00f3inkat, m\u00e1r megtekinthet\u0151 T\u00f3th Juci szobr\u00e1sz ki\u00e1ll\u00edt\u00e1sa, November 9-\u00e9n 17 \u00f3rakor Ribizli bohoc teszi vid\u00e1mabb\u00e1 a h\u00e9tf\u0151 est\u00e9nket. El\u0151tte 16 \u00f3r\u00e1t\u00f3l arcfest\u00e9s lesz a gyerekeknek. November v\u00e9g\u00e9n pedig a Forr\u00e1sv\u00e9dn\u00f6k\u00f6k hete lesz l\u00e1that\u00f3 a Villamosban.<\/strong><\/p>\n\n\n\n<p>Tal\u00e1lkozzunk Novemberben is!<\/p>\n\n\n\n<figure class=\"wp-block-image\"><img loading=\"lazy\" decoding=\"async\" width=\"759\" height=\"1024\" src=\"https:\/\/pecsivillamos.hu\/wp-content\/uploads\/2019\/04\/1-759x1024.jpg\" alt=\"\" class=\"wp-image-237\" srcset=\"https:\/\/pecsivillamos.hu\/wp-content\/uploads\/2019\/04\/1-759x1024.jpg 759w, https:\/\/pecsivillamos.hu\/wp-content\/uploads\/2019\/04\/1-450x607.jpg 450w, https:\/\/pecsivillamos.hu\/wp-content\/uploads\/2019\/04\/1-222x300.jpg 222w, https:\/\/pecsivillamos.hu\/wp-content\/uploads\/2019\/04\/1-768x1036.jpg 768w, https:\/\/pecsivillamos.hu\/wp-content\/uploads\/2019\/04\/1.jpg 782w\" sizes=\"auto, (max-width: 759px) 100vw, 759px\" \/><\/figure>\n\n\n\n<figure class=\"wp-block-image\"><img loading=\"lazy\" decoding=\"async\" width=\"1024\" height=\"710\" src=\"https:\/\/pecsivillamos.hu\/wp-content\/uploads\/2019\/04\/2-1024x710.jpg\" alt=\"\" class=\"wp-image-238\" srcset=\"https:\/\/pecsivillamos.hu\/wp-content\/uploads\/2019\/04\/2-1024x710.jpg 1024w, https:\/\/pecsivillamos.hu\/wp-content\/uploads\/2019\/04\/2-450x312.jpg 450w, https:\/\/pecsivillamos.hu\/wp-content\/uploads\/2019\/04\/2-300x208.jpg 300w, https:\/\/pecsivillamos.hu\/wp-content\/uploads\/2019\/04\/2-768x532.jpg 768w, https:\/\/pecsivillamos.hu\/wp-content\/uploads\/2019\/04\/2.jpg 1085w\" sizes=\"auto, (max-width: 1024px) 100vw, 1024px\" \/><\/figure>\n\n\n\n<figure class=\"wp-block-image\"><img loading=\"lazy\" decoding=\"async\" width=\"938\" height=\"328\" src=\"https:\/\/pecsivillamos.hu\/wp-content\/uploads\/2019\/04\/3.jpg\" alt=\"\" class=\"wp-image-239\" srcset=\"https:\/\/pecsivillamos.hu\/wp-content\/uploads\/2019\/04\/3.jpg 938w, https:\/\/pecsivillamos.hu\/wp-content\/uploads\/2019\/04\/3-450x157.jpg 450w, https:\/\/pecsivillamos.hu\/wp-content\/uploads\/2019\/04\/3-300x105.jpg 300w, https:\/\/pecsivillamos.hu\/wp-content\/uploads\/2019\/04\/3-768x269.jpg 768w\" sizes=\"auto, (max-width: 938px) 100vw, 938px\" \/><\/figure>\n\n\n\n<figure class=\"wp-block-image\"><img loading=\"lazy\" decoding=\"async\" width=\"1024\" height=\"691\" src=\"https:\/\/pecsivillamos.hu\/wp-content\/uploads\/2019\/04\/4-1024x691.jpg\" alt=\"\" class=\"wp-image-240\" srcset=\"https:\/\/pecsivillamos.hu\/wp-content\/uploads\/2019\/04\/4-1024x691.jpg 1024w, https:\/\/pecsivillamos.hu\/wp-content\/uploads\/2019\/04\/4-450x304.jpg 450w, https:\/\/pecsivillamos.hu\/wp-content\/uploads\/2019\/04\/4-300x203.jpg 300w, https:\/\/pecsivillamos.hu\/wp-content\/uploads\/2019\/04\/4-768x518.jpg 768w, https:\/\/pecsivillamos.hu\/wp-content\/uploads\/2019\/04\/4.jpg 1080w\" sizes=\"auto, (max-width: 1024px) 100vw, 1024px\" \/><\/figure>\n\n\n\n<figure class=\"wp-block-image\"><img loading=\"lazy\" decoding=\"async\" width=\"724\" height=\"1024\" src=\"https:\/\/pecsivillamos.hu\/wp-content\/uploads\/2019\/04\/5-724x1024.png\" alt=\"\" class=\"wp-image-241\" srcset=\"https:\/\/pecsivillamos.hu\/wp-content\/uploads\/2019\/04\/5-724x1024.png 724w, https:\/\/pecsivillamos.hu\/wp-content\/uploads\/2019\/04\/5-450x637.png 450w, https:\/\/pecsivillamos.hu\/wp-content\/uploads\/2019\/04\/5-212x300.png 212w, https:\/\/pecsivillamos.hu\/wp-content\/uploads\/2019\/04\/5-768x1086.png 768w, https:\/\/pecsivillamos.hu\/wp-content\/uploads\/2019\/04\/5-1568x2218.png 1568w\" sizes=\"auto, (max-width: 724px) 100vw, 724px\" \/><\/figure>\n\n\n\n<figure class=\"wp-block-image\"><img loading=\"lazy\" decoding=\"async\" width=\"787\" height=\"993\" src=\"https:\/\/pecsivillamos.hu\/wp-content\/uploads\/2019\/04\/6.jpg\" alt=\"\" class=\"wp-image-242\" srcset=\"https:\/\/pecsivillamos.hu\/wp-content\/uploads\/2019\/04\/6.jpg 787w, https:\/\/pecsivillamos.hu\/wp-content\/uploads\/2019\/04\/6-450x568.jpg 450w, https:\/\/pecsivillamos.hu\/wp-content\/uploads\/2019\/04\/6-238x300.jpg 238w, https:\/\/pecsivillamos.hu\/wp-content\/uploads\/2019\/04\/6-768x969.jpg 768w\" sizes=\"auto, (max-width: 787px) 100vw, 787px\" \/><\/figure>\n","protected":false},"excerpt":{"rendered":"<p>Okt\u00f3berben sz\u00ednes \u0151szi programokkal v\u00e1rtuk a villamosba l\u00e1togat\u00f3kat. A program \u00f6ssze\u00e1ll\u00edt\u00e1s\u00e1n\u00e1l az egyik fontos szempont az volt, hogy okt\u00f3ber 20-\u00e1n eml\u00e9kezt\u00fcnk meg a P\u00e9csi Villamos elindul\u00e1s\u00e1nak 102. \u00e9vfordul\u00f3j\u00e1r\u00f3l, \u00e9s ezzel egy\u00fctt \u00fcnnepelt\u00fck villamosunk megnyit\u00e1s\u00e1nak m\u00e1sodik sz\u00fclet\u00e9snapj\u00e1t is. Ez\u00e9rt az \u00e1lland\u00f3 egykori p\u00e9csi villamost bemutat\u00f3 ki\u00e1ll\u00edt\u00e1s mellett, okt\u00f3ber v\u00e9g\u00e9ig megtekinthet\u0151 volt az elm\u00falt k\u00e9t \u00e9v\u00fcnkb\u0151l v\u00e1logatott &hellip; <\/p>\n<p class=\"link-more\"><a href=\"https:\/\/pecsivillamos.hu\/index.php\/2015\/10\/31\/25-megallo-2015-oktober\/\" class=\"more-link\"><span class=\"screen-reader-text\">&#8222;25. meg\u00e1ll\u00f3: 2015. Okt\u00f3ber&#8221;<\/span> b\u0151vebben<\/a><\/p>\n","protected":false},"author":2,"featured_media":0,"comment_status":"closed","ping_status":"closed","sticky":false,"template":"","format":"standard","meta":{"footnotes":""},"categories":[3],"tags":[],"class_list":["post-236","post","type-post","status-publish","format-standard","hentry","category-esemeny","entry"],"_links":{"self":[{"href":"https:\/\/pecsivillamos.hu\/index.php\/wp-json\/wp\/v2\/posts\/236","targetHints":{"allow":["GET"]}}],"collection":[{"href":"https:\/\/pecsivillamos.hu\/index.php\/wp-json\/wp\/v2\/posts"}],"about":[{"href":"https:\/\/pecsivillamos.hu\/index.php\/wp-json\/wp\/v2\/types\/post"}],"author":[{"embeddable":true,"href":"https:\/\/pecsivillamos.hu\/index.php\/wp-json\/wp\/v2\/users\/2"}],"replies":[{"embeddable":true,"href":"https:\/\/pecsivillamos.hu\/index.php\/wp-json\/wp\/v2\/comments?post=236"}],"version-history":[{"count":1,"href":"https:\/\/pecsivillamos.hu\/index.php\/wp-json\/wp\/v2\/posts\/236\/revisions"}],"predecessor-version":[{"id":243,"href":"https:\/\/pecsivillamos.hu\/index.php\/wp-json\/wp\/v2\/posts\/236\/revisions\/243"}],"wp:attachment":[{"href":"https:\/\/pecsivillamos.hu\/index.php\/wp-json\/wp\/v2\/media?parent=236"}],"wp:term":[{"taxonomy":"category","embeddable":true,"href":"https:\/\/pecsivillamos.hu\/index.php\/wp-json\/wp\/v2\/categories?post=236"},{"taxonomy":"post_tag","embeddable":true,"href":"https:\/\/pecsivillamos.hu\/index.php\/wp-json\/wp\/v2\/tags?post=236"}],"curies":[{"name":"wp","href":"https:\/\/api.w.org\/{rel}","templated":true}]}}