{"id":232,"date":"2015-09-30T11:39:47","date_gmt":"2015-09-30T09:39:47","guid":{"rendered":"https:\/\/pecsivillamos.hu\/?p=232"},"modified":"2019-04-16T11:41:18","modified_gmt":"2019-04-16T09:41:18","slug":"24-megallo-2015-szeptember","status":"publish","type":"post","link":"https:\/\/pecsivillamos.hu\/index.php\/2015\/09\/30\/24-megallo-2015-szeptember\/","title":{"rendered":"24. meg\u00e1ll\u00f3: 2015. Szeptember"},"content":{"rendered":"\n<p>2015. szeptembere villamosunk is az iskolakezd\u00e9shez csatlakozott. Tematikus h\u00f3napunk keret\u00e9ben egy h\u00e9tre a Katedra nyelviskola vette birtokba villamosunkat. Reggelt\u0151l kora d\u00e9lut\u00e1nig iskol\u00e1s csoportoknak tartottak j\u00e1t\u00e9kos nyelv\u00f3r\u00e1kat, majd d\u00e9lut\u00e1n a nyitott villamos program keret\u00e9ben b\u00e1rki felm\u00e9rhette nyelvtud\u00e1s\u00e1t, k\u00fcl\u00f6nb\u00f6z\u0151 j\u00e1t\u00e9kokon kereszt\u00fcl m\u00e9lyedhetett el az idegen nyelvek sz\u00e9ps\u00e9g\u00e9ben.<\/p>\n\n\n\n<p>Szeptember v\u00e9g\u00e9n a gimiseknek szervezt\u00fcnk egy tematikus napot. Az \u00faj oktat\u00e1si t\u00f6rv\u00e9nynek megfelel\u0151en \u00e9retts\u00e9giig minden fiatalnak 50 \u00f3ra \u00f6nk\u00e9ntes munk\u00e1ban kell r\u00e9szt vennie. Az \u00f6nk\u00e9ntess\u00e9g sz\u00e9ps\u00e9geit pr\u00f3b\u00e1ltuk bemutatni a l\u00e1nyoknak \u00e9s fiuknak, megismertetve a lehet\u0151s\u00e9geket, befogad\u00f3 helyeket. Villamosunk is v\u00e1rja mindazokat akik sz\u00edvesen &#8222;dolgozn\u00e1k&#8221; le az \u00f6tven \u00f3r\u00e1t sz\u00f3rakozva \u00e9s tanulva villamosunkban.&nbsp;<\/p>\n\n\n\n<p>A program keret\u00e9ben vend\u00e9g\u00fcl l\u00e1ttuk a Budapest Bike Maffia mozgalmat. Bemutatt\u00e1k tev\u00e9kenys\u00e9g\u00fcket. Nemes feladatot v\u00e1lasztottak, hajl\u00e9ktalanokat seg\u00edtenek \u00e9tellel \u00e9s minden fontos dologgal \u00e9s mindezt ker\u00e9kp\u00e1ron, innen is sz\u00e1rmazik a nev\u00fck. Mozgalmukat az orsz\u00e1g m\u00e1s pontjain is szeretn\u00e9k megval\u00f3s\u00edtani, \u00edgy P\u00e9csett is keresik mindazokat akik csatlakozn\u00e1nak hozz\u00e1juk.<\/p>\n\n\n\n<p>Volt filmvet\u00edt\u00e9s, besz\u00e9lget\u00e9s, \u00e9s fot\u00f3z\u00e1si lehet\u0151s\u00e9g is. Villamosunk bels\u0151 tere igazi nappaliv\u00e1 v\u00e1ltozott, a vend\u00e9gl\u00e1t\u00f3 Baranya Megyei \u00d6nk\u00e9ntes Centrum te\u00e1val, k\u00e1v\u00e9val, szendvicsekkel is v\u00e1rta a bet\u00e9r\u0151ket.<\/p>\n\n\n\n<p>Az okt\u00f3ber m\u00e1r az eml\u00e9kez\u00e9sr\u0151l \u00e9s a kult\u00far\u00e1r\u00f3l fog sz\u00f3lni lesz k\u00f6nyvbemutat\u00f3, koncert, ki\u00e1ll\u00edt\u00e1s megnyit\u00f3, \u00e9s a Szemem F\u00e9nye Alap\u00edtv\u00e1ny szervez\u00e9s\u00e9ben egy csal\u00e1di d\u00e9lut\u00e1n is. \u00c9rdemes ell\u00e1togatni hozz\u00e1nk, \u00e9s tov\u00e1bbra is figyelni facebook oldalunkat.<\/p>\n\n\n\n<figure class=\"wp-block-image\"><img loading=\"lazy\" decoding=\"async\" width=\"960\" height=\"720\" src=\"https:\/\/pecsivillamos.hu\/wp-content\/uploads\/2019\/04\/img-5.jpg\" alt=\"\" class=\"wp-image-233\" srcset=\"https:\/\/pecsivillamos.hu\/wp-content\/uploads\/2019\/04\/img-5.jpg 960w, https:\/\/pecsivillamos.hu\/wp-content\/uploads\/2019\/04\/img-5-450x338.jpg 450w, https:\/\/pecsivillamos.hu\/wp-content\/uploads\/2019\/04\/img-5-300x225.jpg 300w, https:\/\/pecsivillamos.hu\/wp-content\/uploads\/2019\/04\/img-5-768x576.jpg 768w\" sizes=\"auto, (max-width: 960px) 100vw, 960px\" \/><\/figure>\n\n\n\n<figure class=\"wp-block-image\"><img loading=\"lazy\" decoding=\"async\" width=\"720\" height=\"960\" src=\"https:\/\/pecsivillamos.hu\/wp-content\/uploads\/2019\/04\/img-6.jpg\" alt=\"\" class=\"wp-image-234\" srcset=\"https:\/\/pecsivillamos.hu\/wp-content\/uploads\/2019\/04\/img-6.jpg 720w, https:\/\/pecsivillamos.hu\/wp-content\/uploads\/2019\/04\/img-6-450x600.jpg 450w, https:\/\/pecsivillamos.hu\/wp-content\/uploads\/2019\/04\/img-6-225x300.jpg 225w\" sizes=\"auto, (max-width: 720px) 100vw, 720px\" \/><\/figure>\n","protected":false},"excerpt":{"rendered":"<p>2015. szeptembere villamosunk is az iskolakezd\u00e9shez csatlakozott. Tematikus h\u00f3napunk keret\u00e9ben egy h\u00e9tre a Katedra nyelviskola vette birtokba villamosunkat. Reggelt\u0151l kora d\u00e9lut\u00e1nig iskol\u00e1s csoportoknak tartottak j\u00e1t\u00e9kos nyelv\u00f3r\u00e1kat, majd d\u00e9lut\u00e1n a nyitott villamos program keret\u00e9ben b\u00e1rki felm\u00e9rhette nyelvtud\u00e1s\u00e1t, k\u00fcl\u00f6nb\u00f6z\u0151 j\u00e1t\u00e9kokon kereszt\u00fcl m\u00e9lyedhetett el az idegen nyelvek sz\u00e9ps\u00e9g\u00e9ben. Szeptember v\u00e9g\u00e9n a gimiseknek szervezt\u00fcnk egy tematikus napot. Az \u00faj &hellip; <\/p>\n<p class=\"link-more\"><a href=\"https:\/\/pecsivillamos.hu\/index.php\/2015\/09\/30\/24-megallo-2015-szeptember\/\" class=\"more-link\"><span class=\"screen-reader-text\">&#8222;24. meg\u00e1ll\u00f3: 2015. Szeptember&#8221;<\/span> b\u0151vebben<\/a><\/p>\n","protected":false},"author":2,"featured_media":0,"comment_status":"closed","ping_status":"closed","sticky":false,"template":"","format":"standard","meta":{"footnotes":""},"categories":[3],"tags":[],"class_list":["post-232","post","type-post","status-publish","format-standard","hentry","category-esemeny","entry"],"_links":{"self":[{"href":"https:\/\/pecsivillamos.hu\/index.php\/wp-json\/wp\/v2\/posts\/232","targetHints":{"allow":["GET"]}}],"collection":[{"href":"https:\/\/pecsivillamos.hu\/index.php\/wp-json\/wp\/v2\/posts"}],"about":[{"href":"https:\/\/pecsivillamos.hu\/index.php\/wp-json\/wp\/v2\/types\/post"}],"author":[{"embeddable":true,"href":"https:\/\/pecsivillamos.hu\/index.php\/wp-json\/wp\/v2\/users\/2"}],"replies":[{"embeddable":true,"href":"https:\/\/pecsivillamos.hu\/index.php\/wp-json\/wp\/v2\/comments?post=232"}],"version-history":[{"count":1,"href":"https:\/\/pecsivillamos.hu\/index.php\/wp-json\/wp\/v2\/posts\/232\/revisions"}],"predecessor-version":[{"id":235,"href":"https:\/\/pecsivillamos.hu\/index.php\/wp-json\/wp\/v2\/posts\/232\/revisions\/235"}],"wp:attachment":[{"href":"https:\/\/pecsivillamos.hu\/index.php\/wp-json\/wp\/v2\/media?parent=232"}],"wp:term":[{"taxonomy":"category","embeddable":true,"href":"https:\/\/pecsivillamos.hu\/index.php\/wp-json\/wp\/v2\/categories?post=232"},{"taxonomy":"post_tag","embeddable":true,"href":"https:\/\/pecsivillamos.hu\/index.php\/wp-json\/wp\/v2\/tags?post=232"}],"curies":[{"name":"wp","href":"https:\/\/api.w.org\/{rel}","templated":true}]}}