{"id":228,"date":"2015-08-31T11:38:14","date_gmt":"2015-08-31T09:38:14","guid":{"rendered":"https:\/\/pecsivillamos.hu\/?p=228"},"modified":"2019-04-16T11:39:36","modified_gmt":"2019-04-16T09:39:36","slug":"23-megallo-2015-augusztus","status":"publish","type":"post","link":"https:\/\/pecsivillamos.hu\/index.php\/2015\/08\/31\/23-megallo-2015-augusztus\/","title":{"rendered":"23. meg\u00e1ll\u00f3: 2015. Augusztus"},"content":{"rendered":"\n<p>A ny\u00e1r utols\u00f3 h\u00f3napja is sok izgalmat tartogatott villamosunk sz\u00e1m\u00e1ra.<\/p>\n\n\n\n<p>A gy\u00f6ny\u00f6r\u0171 ny\u00e1ri melegben sok sok turist\u00e1t vonzott nem csak v\u00e1rosunk, de villamosunk is.<\/p>\n\n\n\n<p>Augusztus els\u0151 napjai m\u00e9g az Europa Cantat jegy\u00e9ben zajlott. \u00c9nekt\u0151l \u00e9s l\u00e1togat\u00f3kt\u00f3l volt hangos \u00e9s mosolyg\u00f3s a Ferencesek utc\u00e1ja is. A ny\u00e1ri t\u00e1borok tov\u00e1bb folytatottak, \u00edgy t\u00e1boroz\u00f3<\/p>\n\n\n\n<p>gyerekek sorai ismerhett\u00e9k meg a P\u00e9csi villamos t\u00f6rt\u00e9net\u00e9t. Nem besz\u00e9lve &#8222;t\u00f6rzsutasainkr\u00f3l&#8221; akik a sulit m\u00e9g egy\u00e1ltal\u00e1n nem v\u00e1rva nap mint nap megl\u00e1togattak minket.&nbsp;<\/p>\n\n\n\n<p>Az Europa Cantat ut\u00e1n p\u00e1r napig origami madarak lept\u00e9k el villamosunkat, \u00e9s meg\u00e9rkezett ikarus makettbusz ki\u00e1ll\u00edt\u00e1sunk m\u00e1sodik darabja is egy Ikarus 311-es.<\/p>\n\n\n\n<p>Szent Istv\u00e1n kir\u00e1ly \u00fcnnep\u00e9n \u00fajra nagy sl\u00e1ger volt a bet\u0171kirak\u00f3 villamosunk fal\u00e1n. Hamarosan \u00fajra el\u0151ker\u00fclnek a bet\u0171k. \ud83d\ude42<\/p>\n\n\n\n<p>Augusztus 31-\u00e9n egy szomor\u00fa esem\u00e9nyr\u0151l eml\u00e9kezt\u00fcnk meg, 55 \u00e9vvel ezel\u0151tt ezen a napon indult utols\u00f3 \u00fatj\u00e1ra a P\u00e9csi Villamos.&nbsp;<\/p>\n\n\n\n<p>Villamosunkat \u00e9rint\u0151 fontos esem\u00e9ny is t\u00f6rt\u00e9nt augusztusban, a sz\u00fcks\u00e9ges dokumentumok beny\u00fajt\u00e1s\u00e1val lez\u00e1rult az \u00fajabb enged\u00e9lyeztet\u00e9si elj\u00e1r\u00e1s, melynek eredm\u00e9nyek\u00e9ppen a k\u00f6vetkez\u0151 egy \u00e9vben is jelenlegi hely\u00e9n maradhat villamosunk. A k\u00f6vetkez\u0151 egy \u00e9vre is sok sok meglepet\u00e9ssel, programmal, \u00faj\u00edt\u00e1ssal k\u00e9sz\u00fcl\u00fcnk, \u00edgy tov\u00e1bbra is buzd\u00edtunk mindenkit, l\u00e1togasson el hozz\u00e1nk, ak\u00e1r csak megpihenni, olvasni, internetezni, kipr\u00f3b\u00e1lni leg\u00fajabb j\u00e1t\u00e9kainkat, vagy elmer\u00fclni P\u00e9cs \u00e9s a villamos t\u00f6rt\u00e9net\u00e9ben!<\/p>\n\n\n\n<p>Tal\u00e1lkozzunk a villamosban \u00e9s nap mint nap friss\u00fcl\u0151 facebook oldalunkon is.<\/p>\n\n\n\n<figure class=\"wp-block-image\"><img loading=\"lazy\" decoding=\"async\" width=\"960\" height=\"720\" src=\"https:\/\/pecsivillamos.hu\/wp-content\/uploads\/2019\/04\/img-3.jpg\" alt=\"\" class=\"wp-image-229\" srcset=\"https:\/\/pecsivillamos.hu\/wp-content\/uploads\/2019\/04\/img-3.jpg 960w, https:\/\/pecsivillamos.hu\/wp-content\/uploads\/2019\/04\/img-3-450x338.jpg 450w, https:\/\/pecsivillamos.hu\/wp-content\/uploads\/2019\/04\/img-3-300x225.jpg 300w, https:\/\/pecsivillamos.hu\/wp-content\/uploads\/2019\/04\/img-3-768x576.jpg 768w\" sizes=\"auto, (max-width: 960px) 100vw, 960px\" \/><\/figure>\n\n\n\n<figure class=\"wp-block-image\"><img loading=\"lazy\" decoding=\"async\" width=\"1024\" height=\"439\" src=\"https:\/\/pecsivillamos.hu\/wp-content\/uploads\/2019\/04\/img-4-1024x439.jpg\" alt=\"\" class=\"wp-image-230\" srcset=\"https:\/\/pecsivillamos.hu\/wp-content\/uploads\/2019\/04\/img-4-1024x439.jpg 1024w, https:\/\/pecsivillamos.hu\/wp-content\/uploads\/2019\/04\/img-4-450x193.jpg 450w, https:\/\/pecsivillamos.hu\/wp-content\/uploads\/2019\/04\/img-4-300x128.jpg 300w, https:\/\/pecsivillamos.hu\/wp-content\/uploads\/2019\/04\/img-4-768x329.jpg 768w, https:\/\/pecsivillamos.hu\/wp-content\/uploads\/2019\/04\/img-4-1568x671.jpg 1568w, https:\/\/pecsivillamos.hu\/wp-content\/uploads\/2019\/04\/img-4.jpg 2048w\" sizes=\"auto, (max-width: 1024px) 100vw, 1024px\" \/><\/figure>\n","protected":false},"excerpt":{"rendered":"<p>A ny\u00e1r utols\u00f3 h\u00f3napja is sok izgalmat tartogatott villamosunk sz\u00e1m\u00e1ra. A gy\u00f6ny\u00f6r\u0171 ny\u00e1ri melegben sok sok turist\u00e1t vonzott nem csak v\u00e1rosunk, de villamosunk is. Augusztus els\u0151 napjai m\u00e9g az Europa Cantat jegy\u00e9ben zajlott. \u00c9nekt\u0151l \u00e9s l\u00e1togat\u00f3kt\u00f3l volt hangos \u00e9s mosolyg\u00f3s a Ferencesek utc\u00e1ja is. A ny\u00e1ri t\u00e1borok tov\u00e1bb folytatottak, \u00edgy t\u00e1boroz\u00f3 gyerekek sorai ismerhett\u00e9k meg &hellip; <\/p>\n<p class=\"link-more\"><a href=\"https:\/\/pecsivillamos.hu\/index.php\/2015\/08\/31\/23-megallo-2015-augusztus\/\" class=\"more-link\"><span class=\"screen-reader-text\">&#8222;23. meg\u00e1ll\u00f3: 2015. Augusztus&#8221;<\/span> b\u0151vebben<\/a><\/p>\n","protected":false},"author":2,"featured_media":0,"comment_status":"closed","ping_status":"closed","sticky":false,"template":"","format":"standard","meta":{"footnotes":""},"categories":[3],"tags":[],"class_list":["post-228","post","type-post","status-publish","format-standard","hentry","category-esemeny","entry"],"_links":{"self":[{"href":"https:\/\/pecsivillamos.hu\/index.php\/wp-json\/wp\/v2\/posts\/228","targetHints":{"allow":["GET"]}}],"collection":[{"href":"https:\/\/pecsivillamos.hu\/index.php\/wp-json\/wp\/v2\/posts"}],"about":[{"href":"https:\/\/pecsivillamos.hu\/index.php\/wp-json\/wp\/v2\/types\/post"}],"author":[{"embeddable":true,"href":"https:\/\/pecsivillamos.hu\/index.php\/wp-json\/wp\/v2\/users\/2"}],"replies":[{"embeddable":true,"href":"https:\/\/pecsivillamos.hu\/index.php\/wp-json\/wp\/v2\/comments?post=228"}],"version-history":[{"count":1,"href":"https:\/\/pecsivillamos.hu\/index.php\/wp-json\/wp\/v2\/posts\/228\/revisions"}],"predecessor-version":[{"id":231,"href":"https:\/\/pecsivillamos.hu\/index.php\/wp-json\/wp\/v2\/posts\/228\/revisions\/231"}],"wp:attachment":[{"href":"https:\/\/pecsivillamos.hu\/index.php\/wp-json\/wp\/v2\/media?parent=228"}],"wp:term":[{"taxonomy":"category","embeddable":true,"href":"https:\/\/pecsivillamos.hu\/index.php\/wp-json\/wp\/v2\/categories?post=228"},{"taxonomy":"post_tag","embeddable":true,"href":"https:\/\/pecsivillamos.hu\/index.php\/wp-json\/wp\/v2\/tags?post=228"}],"curies":[{"name":"wp","href":"https:\/\/api.w.org\/{rel}","templated":true}]}}