{"id":225,"date":"2015-07-31T11:35:13","date_gmt":"2015-07-31T09:35:13","guid":{"rendered":"https:\/\/pecsivillamos.hu\/?p=225"},"modified":"2019-04-16T11:37:33","modified_gmt":"2019-04-16T09:37:33","slug":"22-megallo-2015-julius","status":"publish","type":"post","link":"https:\/\/pecsivillamos.hu\/index.php\/2015\/07\/31\/22-megallo-2015-julius\/","title":{"rendered":"22. meg\u00e1ll\u00f3: 2015. j\u00falius"},"content":{"rendered":"\n<p>A j\u00falius villamosunkban is a h\u0151s\u00e9gr\u0151l \u00e9s a turistaszezonr\u00f3l sz\u00f3lt. Igyeksz\u00fcnk kellemesebb h\u0151m\u00e9rs\u00e9kletet biztos\u00edtani, ez\u00e9rt egy ventil\u00e1tort is \u00fczembe \u00e1ll\u00edtottunk. \u00d6r\u00f6m\u00fcnkre az orsz\u00e1g nagy r\u00e9sz\u00e9r\u0151l \u00e9s k\u00fclf\u00f6ldr\u0151l is nagyon sokan l\u00e1togattak hozz\u00e1nk. K\u00fcl\u00f6n\u00f6sk\u00e9ppen is sokat jelent sz\u00e1munkra, hogy egyre t\u00f6bb, minden eddigin\u00e9l t\u00f6bb p\u00e9csi t\u00e9rt be hozz\u00e1nk \u00e9s t\u00f6lt\u00f6tt el perceket a villamoski\u00e1ll\u00edt\u00e1s megtekint\u00e9s\u00e9vel, vagy a P\u00e9csi lexikonokba beleolvasva, m\u00edg a gyerekek a m\u00e1r megszokott \u00e9s kedvelt j\u00e1t\u00e9kokkal j\u00e1tszottak.<\/p>\n\n\n\n<p>Tov\u00e1bbra is nagy kedvenc a villamoson bel\u00fcli bet\u0171keres\u00e9s valamint a villamos fal\u00e1n val\u00f3 m\u00e1gnesbet\u0171kkel val\u00f3 posztolgat\u00e1s.&nbsp;<\/p>\n\n\n\n<p>Mi is k\u00e9sz\u00fclt\u00fcnk az Europa Cantatra, igyekezt\u00fcnk min\u00e9l t\u00f6bb inform\u00e1ci\u00f3val, programf\u00fczetekkel ell\u00e1tni a v\u00e1rosunkba \u00e9rkez\u0151ket is. Az Europa Cantat tisztelet\u00e9re meghosszabb\u00edtott napi nyitvatart\u00e1ssal v\u00e1rtuk l\u00e1togat\u00f3inkat, \u00e9s 3 vas\u00e1rnapon is nyitva tartottunk.&nbsp;<\/p>\n\n\n\n<p>A ny\u00e1ri sz\u00fcnetben \u00f6r\u00f6m\u00fcnkre sok sok gyerek t\u00f6lti idej\u00e9nek egy r\u00e9sz\u00e9t nap mint nap a villamosunkban.<\/p>\n\n\n\n<p>Tov\u00e1bbra is \u00e9rdemes figyelni facebook oldalunkat, a friss inform\u00e1ci\u00f3k mellett ezen a fel\u00fcleten is folytattuk a villamost\u00f6rt\u00e9netet bemutat\u00f3 sorozatunkat.&nbsp;<\/p>\n\n\n\n<p>M\u00e1r k\u00e9sz\u00fcl\u00fcnk az \u0151szi rendezv\u00e9nyekkel, \u00e9s tov\u00e1bbi \u00fajdons\u00e1gokkal, melyekr\u0151l hamarosan b\u0151vebben is besz\u00e1molunk, de az biztos, hogy \u0151sszel is meg\u00e9ri majd bet\u00e9rni villamosunkba.<\/p>\n\n\n\n<figure class=\"wp-block-embed-facebook wp-block-embed\"><div class=\"wp-block-embed__wrapper\">\nhttps:\/\/www.facebook.com\/pecsivillamos\n<\/div><\/figure>\n\n\n\n<figure class=\"wp-block-image\"><img loading=\"lazy\" decoding=\"async\" width=\"960\" height=\"720\" src=\"https:\/\/pecsivillamos.hu\/wp-content\/uploads\/2019\/04\/img-2.jpg\" alt=\"\" class=\"wp-image-226\" srcset=\"https:\/\/pecsivillamos.hu\/wp-content\/uploads\/2019\/04\/img-2.jpg 960w, https:\/\/pecsivillamos.hu\/wp-content\/uploads\/2019\/04\/img-2-450x338.jpg 450w, https:\/\/pecsivillamos.hu\/wp-content\/uploads\/2019\/04\/img-2-300x225.jpg 300w, https:\/\/pecsivillamos.hu\/wp-content\/uploads\/2019\/04\/img-2-768x576.jpg 768w\" sizes=\"auto, (max-width: 960px) 100vw, 960px\" \/><\/figure>\n","protected":false},"excerpt":{"rendered":"<p>A j\u00falius villamosunkban is a h\u0151s\u00e9gr\u0151l \u00e9s a turistaszezonr\u00f3l sz\u00f3lt. Igyeksz\u00fcnk kellemesebb h\u0151m\u00e9rs\u00e9kletet biztos\u00edtani, ez\u00e9rt egy ventil\u00e1tort is \u00fczembe \u00e1ll\u00edtottunk. \u00d6r\u00f6m\u00fcnkre az orsz\u00e1g nagy r\u00e9sz\u00e9r\u0151l \u00e9s k\u00fclf\u00f6ldr\u0151l is nagyon sokan l\u00e1togattak hozz\u00e1nk. K\u00fcl\u00f6n\u00f6sk\u00e9ppen is sokat jelent sz\u00e1munkra, hogy egyre t\u00f6bb, minden eddigin\u00e9l t\u00f6bb p\u00e9csi t\u00e9rt be hozz\u00e1nk \u00e9s t\u00f6lt\u00f6tt el perceket a villamoski\u00e1ll\u00edt\u00e1s megtekint\u00e9s\u00e9vel, vagy &hellip; <\/p>\n<p class=\"link-more\"><a href=\"https:\/\/pecsivillamos.hu\/index.php\/2015\/07\/31\/22-megallo-2015-julius\/\" class=\"more-link\"><span class=\"screen-reader-text\">&#8222;22. meg\u00e1ll\u00f3: 2015. j\u00falius&#8221;<\/span> b\u0151vebben<\/a><\/p>\n","protected":false},"author":2,"featured_media":0,"comment_status":"closed","ping_status":"closed","sticky":false,"template":"","format":"standard","meta":{"footnotes":""},"categories":[3],"tags":[],"class_list":["post-225","post","type-post","status-publish","format-standard","hentry","category-esemeny","entry"],"_links":{"self":[{"href":"https:\/\/pecsivillamos.hu\/index.php\/wp-json\/wp\/v2\/posts\/225","targetHints":{"allow":["GET"]}}],"collection":[{"href":"https:\/\/pecsivillamos.hu\/index.php\/wp-json\/wp\/v2\/posts"}],"about":[{"href":"https:\/\/pecsivillamos.hu\/index.php\/wp-json\/wp\/v2\/types\/post"}],"author":[{"embeddable":true,"href":"https:\/\/pecsivillamos.hu\/index.php\/wp-json\/wp\/v2\/users\/2"}],"replies":[{"embeddable":true,"href":"https:\/\/pecsivillamos.hu\/index.php\/wp-json\/wp\/v2\/comments?post=225"}],"version-history":[{"count":1,"href":"https:\/\/pecsivillamos.hu\/index.php\/wp-json\/wp\/v2\/posts\/225\/revisions"}],"predecessor-version":[{"id":227,"href":"https:\/\/pecsivillamos.hu\/index.php\/wp-json\/wp\/v2\/posts\/225\/revisions\/227"}],"wp:attachment":[{"href":"https:\/\/pecsivillamos.hu\/index.php\/wp-json\/wp\/v2\/media?parent=225"}],"wp:term":[{"taxonomy":"category","embeddable":true,"href":"https:\/\/pecsivillamos.hu\/index.php\/wp-json\/wp\/v2\/categories?post=225"},{"taxonomy":"post_tag","embeddable":true,"href":"https:\/\/pecsivillamos.hu\/index.php\/wp-json\/wp\/v2\/tags?post=225"}],"curies":[{"name":"wp","href":"https:\/\/api.w.org\/{rel}","templated":true}]}}