{"id":223,"date":"2015-06-30T11:33:55","date_gmt":"2015-06-30T09:33:55","guid":{"rendered":"https:\/\/pecsivillamos.hu\/?p=223"},"modified":"2019-04-16T11:35:04","modified_gmt":"2019-04-16T09:35:04","slug":"21-megallo-2015-junius","status":"publish","type":"post","link":"https:\/\/pecsivillamos.hu\/index.php\/2015\/06\/30\/21-megallo-2015-junius\/","title":{"rendered":"21. meg\u00e1ll\u00f3: 2015. j\u00fanius"},"content":{"rendered":"\n<p>Mozgalmas h\u00f3napunk volt a j\u00fanius is.&nbsp;<\/p>\n\n\n\n<p>Az iskola \u00e9v utols\u00f3 het\u00e9ben \u00fajra t\u00f6bb sz\u00e1z als\u00f3 tagozatos gyereknek tartottunk villamos\u00f3r\u00e1t, megismertett\u00fck vel\u00fck a p\u00e9csi villamosk\u00f6zlekedtet\u00e9st, felh\u00edvtuk a figyelmet a k\u00f6z\u00f6ss\u00e9gi k\u00f6zleked\u00e9s szerep\u00e9re, \u00e9s term\u00e9szetesen \u00e9rdekes feladatokat, j\u00e1t\u00e9kokat is kipr\u00f3b\u00e1lhattak.&nbsp;<\/p>\n\n\n\n<p>J\u00faniusban a P\u00e9csi Orsz\u00e1gos Sz\u00ednh\u00e1z tal\u00e1lkoz\u00f3val egy id\u0151ben elind\u00edtottuk inform\u00e1ci\u00f3s ki\u00e1ll\u00edt\u00e1sunkat, mellyel a p\u00e9csi l\u00e1tnival\u00f3kra ir\u00e1ny\u00edtjuk a figyelmet. De ellept\u00e9k villamosunkat a bet\u0171k is. A posztolj a villamosra program keret\u00e9ben. A bet\u0171k id\u0151r\u0151l id\u0151re vissza is t\u00e9rnek a villamos k\u00fcls\u0151 fal\u00e1n, \u00e9s egy j\u00e1t\u00e9k keret\u00e9ben m\u00e1r a villamosban is keresg\u00e9lhetik a kicsik \u00e9s nagyok a bet\u0171ket.<\/p>\n\n\n\n<p>Elk\u00e9sz\u00fclt a j\u00e1t\u00e9k sarok, a kisebbeknek k\u00e9sz\u00fclt asztal mellett m\u00e9g k\u00f6nnyebb a rajzol\u00e1s, \u00faj j\u00e1t\u00e9kok \u00e9s P\u00e9cs kedvenc mesek\u00f6nyve is megtal\u00e1lhat\u00f3.&nbsp;<\/p>\n\n\n\n<p>A feln\u0151ttek sz\u00e1m\u00e1ra is k\u00e9sz\u00fclt\u00fcnk \u00faj k\u00f6nyvvel valamint folyamatosan friss\u00fcl\u0151 vide\u00f3k\u00edn\u00e1latunknak k\u00f6sz\u00f6nhet\u0151en \u00e9rdemes rendszeresen visszat\u00e9rni hozz\u00e1nk.<\/p>\n\n\n\n<p>Mi is csatlakoztunk a M\u00fazeumok \u00c9jszak\u00e1j\u00e1hoz, eg\u00e9szen este 10 \u00f3r\u00e1ig nyitva tartottunk, l\u00e1togat\u00f3ink nagy \u00f6r\u00f6m\u00e9re.&nbsp;<\/p>\n\n\n\n<p>\u00daj t\u00f6rzsutasokat is k\u00f6sz\u00f6nthett\u00fcnk. \u00d6r\u00f6m\u00fcnkre szolg\u00e1l, hogy m\u00e1r sok naponta visszat\u00e9r\u0151 kis vend\u00e9g\u00fcnknek tudunk sz\u00f3rakoz\u00e1si, j\u00e1tsz\u00e1si lehet\u0151s\u00e9get biztos\u00edtani.<\/p>\n\n\n\n<p>Facebook oldalunkon tov\u00e1bbra is minden nap friss, naprak\u00e9sz tartalommal jelentkez\u00fcnk, nem csak a villamosunk mindennapjair\u00f3l, hanem nosztalgikus t\u00e9m\u00e1kr\u00f3l P\u00e9csr\u0151l, az orsz\u00e1gb\u00f3l \u00e9s k\u00fclf\u00f6ldr\u0151l is. \u00c9rdemes csatlakozni hozz\u00e1nk:&nbsp;<a href=\"https:\/\/www.facebook.com\/pecsivillamos\">https:\/\/www.facebook.com\/pecsivillamos<\/a><\/p>\n\n\n\n<p>K\u00f6sz\u00f6nj\u00fck, hogy ilyen sokan megl\u00e1togattak minket j\u00faniusban. \u00c1lland\u00f3 p\u00e9csi villamost\u00f6rt\u00e9neti ki\u00e1ll\u00edt\u00e1sunkkal, folyamatosan meg\u00fajul\u00f3 j\u00e1t\u00e9kainkkal \u00e9s term\u00e9keikkel tov\u00e1bbra is v\u00e1rjuk \u00d6n\u00f6ket.<\/p>\n\n\n\n<p>Csipetnyi m\u00falt, csipetnyi nosztalgia a 100 \u00e9ves P\u00e9csi Villamosban.<br><\/p>\n","protected":false},"excerpt":{"rendered":"<p>Mozgalmas h\u00f3napunk volt a j\u00fanius is.&nbsp; Az iskola \u00e9v utols\u00f3 het\u00e9ben \u00fajra t\u00f6bb sz\u00e1z als\u00f3 tagozatos gyereknek tartottunk villamos\u00f3r\u00e1t, megismertett\u00fck vel\u00fck a p\u00e9csi villamosk\u00f6zlekedtet\u00e9st, felh\u00edvtuk a figyelmet a k\u00f6z\u00f6ss\u00e9gi k\u00f6zleked\u00e9s szerep\u00e9re, \u00e9s term\u00e9szetesen \u00e9rdekes feladatokat, j\u00e1t\u00e9kokat is kipr\u00f3b\u00e1lhattak.&nbsp; J\u00faniusban a P\u00e9csi Orsz\u00e1gos Sz\u00ednh\u00e1z tal\u00e1lkoz\u00f3val egy id\u0151ben elind\u00edtottuk inform\u00e1ci\u00f3s ki\u00e1ll\u00edt\u00e1sunkat, mellyel a p\u00e9csi l\u00e1tnival\u00f3kra ir\u00e1ny\u00edtjuk a &hellip; <\/p>\n<p class=\"link-more\"><a href=\"https:\/\/pecsivillamos.hu\/index.php\/2015\/06\/30\/21-megallo-2015-junius\/\" class=\"more-link\"><span class=\"screen-reader-text\">&#8222;21. meg\u00e1ll\u00f3: 2015. j\u00fanius&#8221;<\/span> b\u0151vebben<\/a><\/p>\n","protected":false},"author":2,"featured_media":0,"comment_status":"closed","ping_status":"closed","sticky":false,"template":"","format":"standard","meta":{"footnotes":""},"categories":[3],"tags":[],"class_list":["post-223","post","type-post","status-publish","format-standard","hentry","category-esemeny","entry"],"_links":{"self":[{"href":"https:\/\/pecsivillamos.hu\/index.php\/wp-json\/wp\/v2\/posts\/223","targetHints":{"allow":["GET"]}}],"collection":[{"href":"https:\/\/pecsivillamos.hu\/index.php\/wp-json\/wp\/v2\/posts"}],"about":[{"href":"https:\/\/pecsivillamos.hu\/index.php\/wp-json\/wp\/v2\/types\/post"}],"author":[{"embeddable":true,"href":"https:\/\/pecsivillamos.hu\/index.php\/wp-json\/wp\/v2\/users\/2"}],"replies":[{"embeddable":true,"href":"https:\/\/pecsivillamos.hu\/index.php\/wp-json\/wp\/v2\/comments?post=223"}],"version-history":[{"count":1,"href":"https:\/\/pecsivillamos.hu\/index.php\/wp-json\/wp\/v2\/posts\/223\/revisions"}],"predecessor-version":[{"id":224,"href":"https:\/\/pecsivillamos.hu\/index.php\/wp-json\/wp\/v2\/posts\/223\/revisions\/224"}],"wp:attachment":[{"href":"https:\/\/pecsivillamos.hu\/index.php\/wp-json\/wp\/v2\/media?parent=223"}],"wp:term":[{"taxonomy":"category","embeddable":true,"href":"https:\/\/pecsivillamos.hu\/index.php\/wp-json\/wp\/v2\/categories?post=223"},{"taxonomy":"post_tag","embeddable":true,"href":"https:\/\/pecsivillamos.hu\/index.php\/wp-json\/wp\/v2\/tags?post=223"}],"curies":[{"name":"wp","href":"https:\/\/api.w.org\/{rel}","templated":true}]}}