{"id":221,"date":"2015-05-31T11:32:33","date_gmt":"2015-05-31T09:32:33","guid":{"rendered":"https:\/\/pecsivillamos.hu\/?p=221"},"modified":"2019-04-16T11:33:48","modified_gmt":"2019-04-16T09:33:48","slug":"20-megallo-2015-majus","status":"publish","type":"post","link":"https:\/\/pecsivillamos.hu\/index.php\/2015\/05\/31\/20-megallo-2015-majus\/","title":{"rendered":"20. meg\u00e1ll\u00f3: 2015. m\u00e1jus"},"content":{"rendered":"\n<p>M\u00e1jusban az igazi ny\u00e1ri id\u0151 bek\u00f6sz\u00f6nt\u00e9vel \u00fajra igazi k\u00f6z\u00f6ss\u00e9gi helly\u00e9 v\u00e1lt villamosunk. M\u00e1r nem csak P\u00e9csiek, de egyre t\u00f6bb hazai \u00e9s k\u00fclf\u00f6ldi turista l\u00e1togatott meg minket, t\u00e9rt be hozz\u00e1nk egy csipetnyi nosztalgi\u00e1ra.<\/p>\n\n\n\n<p>T\u00f6bb \u00faj \u00e9s r\u00e9gi t\u00f6rzsutasunk is visszaszokott, aminek nagyon \u00f6r\u00fclt\u00fcnk. Beindultak a k\u00f6z\u00f6s j\u00e1t\u00e9kok \u00e9s rajzol\u00e1sok, t\u00f6bb \u00faj j\u00e1t\u00e9kkal is b\u0151v\u00fclt\u00fcnk. Amit megkoron\u00e1zott a gyereknapi program is.&nbsp;<\/p>\n\n\n\n<p>Nagy \u00f6r\u00f6m\u00fcnkre \u00fajabb \u00f3vod\u00e1s csoportok sz\u00e1m\u00e1ra tarthattunk foglalkoz\u00e1st, \u00e9s sokak kedvence a cseng\u0151 is \u00fajj\u00e1 \u00e9ledt.&nbsp;<\/p>\n\n\n\n<p>A csoportl\u00e1togat\u00e1sok mellett friss h\u00e1zasok is v\u00e1lasztott\u00e1k fot\u00f3z\u00e1suk helysz\u00edn\u00e9nek a P\u00e9csi 100 \u00e9ves villamost.<\/p>\n\n\n\n<p>Tov\u00e1bbra is \u00e9rdemes csatlakozni facebook oldalunkhoz. Folyamatosan friss\u00fcl\u0151 inform\u00e1ci\u00f3k, h\u00edrek, kitekint\u00e9s m\u00e1s v\u00e1rosok nosztalgikus t\u00f6megk\u00f6zleked\u00e9si eszk\u00f6zeire, programaj\u00e1nl\u00f3k, r\u00e9gi fot\u00f3k. &nbsp;<a href=\"https:\/\/www.facebook.com\/pecsivillamos\">https:\/\/www.facebook.com\/pecsivillamos<\/a><\/p>\n","protected":false},"excerpt":{"rendered":"<p>M\u00e1jusban az igazi ny\u00e1ri id\u0151 bek\u00f6sz\u00f6nt\u00e9vel \u00fajra igazi k\u00f6z\u00f6ss\u00e9gi helly\u00e9 v\u00e1lt villamosunk. M\u00e1r nem csak P\u00e9csiek, de egyre t\u00f6bb hazai \u00e9s k\u00fclf\u00f6ldi turista l\u00e1togatott meg minket, t\u00e9rt be hozz\u00e1nk egy csipetnyi nosztalgi\u00e1ra. T\u00f6bb \u00faj \u00e9s r\u00e9gi t\u00f6rzsutasunk is visszaszokott, aminek nagyon \u00f6r\u00fclt\u00fcnk. Beindultak a k\u00f6z\u00f6s j\u00e1t\u00e9kok \u00e9s rajzol\u00e1sok, t\u00f6bb \u00faj j\u00e1t\u00e9kkal is b\u0151v\u00fclt\u00fcnk. Amit megkoron\u00e1zott &hellip; <\/p>\n<p class=\"link-more\"><a href=\"https:\/\/pecsivillamos.hu\/index.php\/2015\/05\/31\/20-megallo-2015-majus\/\" class=\"more-link\"><span class=\"screen-reader-text\">&#8222;20. meg\u00e1ll\u00f3: 2015. m\u00e1jus&#8221;<\/span> b\u0151vebben<\/a><\/p>\n","protected":false},"author":2,"featured_media":0,"comment_status":"closed","ping_status":"closed","sticky":false,"template":"","format":"standard","meta":{"footnotes":""},"categories":[3],"tags":[],"class_list":["post-221","post","type-post","status-publish","format-standard","hentry","category-esemeny","entry"],"_links":{"self":[{"href":"https:\/\/pecsivillamos.hu\/index.php\/wp-json\/wp\/v2\/posts\/221","targetHints":{"allow":["GET"]}}],"collection":[{"href":"https:\/\/pecsivillamos.hu\/index.php\/wp-json\/wp\/v2\/posts"}],"about":[{"href":"https:\/\/pecsivillamos.hu\/index.php\/wp-json\/wp\/v2\/types\/post"}],"author":[{"embeddable":true,"href":"https:\/\/pecsivillamos.hu\/index.php\/wp-json\/wp\/v2\/users\/2"}],"replies":[{"embeddable":true,"href":"https:\/\/pecsivillamos.hu\/index.php\/wp-json\/wp\/v2\/comments?post=221"}],"version-history":[{"count":1,"href":"https:\/\/pecsivillamos.hu\/index.php\/wp-json\/wp\/v2\/posts\/221\/revisions"}],"predecessor-version":[{"id":222,"href":"https:\/\/pecsivillamos.hu\/index.php\/wp-json\/wp\/v2\/posts\/221\/revisions\/222"}],"wp:attachment":[{"href":"https:\/\/pecsivillamos.hu\/index.php\/wp-json\/wp\/v2\/media?parent=221"}],"wp:term":[{"taxonomy":"category","embeddable":true,"href":"https:\/\/pecsivillamos.hu\/index.php\/wp-json\/wp\/v2\/categories?post=221"},{"taxonomy":"post_tag","embeddable":true,"href":"https:\/\/pecsivillamos.hu\/index.php\/wp-json\/wp\/v2\/tags?post=221"}],"curies":[{"name":"wp","href":"https:\/\/api.w.org\/{rel}","templated":true}]}}