{"id":219,"date":"2015-04-30T11:31:14","date_gmt":"2015-04-30T09:31:14","guid":{"rendered":"https:\/\/pecsivillamos.hu\/?p=219"},"modified":"2019-04-16T11:32:26","modified_gmt":"2019-04-16T09:32:26","slug":"19-megallo-2015-aprilis","status":"publish","type":"post","link":"https:\/\/pecsivillamos.hu\/index.php\/2015\/04\/30\/19-megallo-2015-aprilis\/","title":{"rendered":"19. meg\u00e1ll\u00f3: 2015. \u00e1prilis"},"content":{"rendered":"\n<p>\u00c1prilisban villamosunkban a &#8222;Villamosok p\u00e1cban&#8221; c. ki\u00e1ll\u00edt\u00e1s hely\u00e9t Bazs\u00f3 Alex \u00e9s Kapocs Vanessa alkot\u00e1sai vett\u00e9k \u00e1t. A ki\u00e1ll\u00edt\u00e1s m\u00e1jus h\u00f3napban is megtekinthet\u0151 ingyenesen, nyitvatart\u00e1si id\u0151ben.<\/p>\n\n\n\n<p><strong>\u00c1prilisban nyitvatart\u00e1si id\u0151nk megv\u00e1ltozott: H\u00e9tf\u0151 &#8211; P\u00e9ntek 10:00 &#8211; 18:00, szombat 14:00 &#8211; 18:00. Villamosunk tov\u00e1bbra is ingyenesen l\u00e1togathat\u00f3!<\/strong><\/p>\n\n\n\n<p>\u00c1lland\u00f3 ki\u00e1ll\u00edt\u00e1sunk, mely a P\u00e9csi villamos t\u00f6rt\u00e9net\u00e9t mutatja a VSnet KFT-nek k\u00f6sz\u00f6nhet\u0151en tov\u00e1bb b\u0151v\u00fclt. Az egyik fels\u0151 s\u00e1vban a Zsolnay gy\u00e1r \u00e9s Hadapr\u00f3d iskola k\u00f6z\u00f6tt k\u00f6zleked\u0151 villamosvonal k\u00e9pei tekinthet\u0151 meg, t\u00f6bb \u00e9rdekes k\u00e9p\u00e9 is fellelhet\u0151. A m\u00e1sik oldalon a Sz\u00e9chenyi t\u00e9r \u00e9s a Vas\u00fat\u00e1llom\u00e1s k\u00f6z\u00f6tti k\u00e9pek l\u00e1that\u00f3ak. De t\u00e9rk\u00e9p\u00e9 \u00e9s egy le\u00edr\u00e1s is seg\u00edti a villamost\u00f6rt\u00e9net megismer\u00e9s\u00e9t.<\/p>\n\n\n\n<p>A gyerekek kedvenc mem\u00f3riaj\u00e1t\u00e9kai is visszat\u00e9rtek. R\u00e9gi buszok \u00e9s k\u00fcl\u00f6nleges villamos is ki\u00e1ll\u00edt\u00e1sra ker\u00fcltek.<\/p>\n\n\n\n<p>\u00dajra kaphat\u00f3 a P\u00e9csi villamost\u00f6rt\u00e9netet bemutat\u00f3 f\u00fczet, de mellette k\u00e9peslapok, mem\u00f3riaj\u00e1t\u00e9kok, h\u0171t\u0151m\u00e1gnesek, k\u00e1rty\u00e1k \u00e9s makettbuszok is v\u00e1s\u00e1rolhat\u00f3ak.<\/p>\n\n\n\n<p>\u00c1prilisban, az igazi tavasz bek\u00f6sz\u00f6nt\u00e9vel visszat\u00e9rtek villamosunkba a gyerekek, birtokba vett\u00e9k, \u00edgy mi is \u00fajra &#8222;j\u00e1tsz\u00f3h\u00e1zk\u00e9nt&#8221; is &nbsp;funkcion\u00e1lunk. Kisvonat, aut\u00f3k, sz\u00ednez\u0151k v\u00e1rj\u00e1k a kicsiket, logikai \u00e9s \u00fcgyess\u00e9gi j\u00e1t\u00e9kok a nagyobbakat. Tov\u00e1bbra is b\u00e1rki a villamosvezet\u0151 szerep\u00e9be b\u00fajhat, vezetheti villamosunkat is.&nbsp;<\/p>\n\n\n\n<p>Az interaktivit\u00e1st hanghat\u00e1sokkal is tov\u00e1bb fokozzuk.&nbsp;<\/p>\n\n\n\n<p>\u00d6r\u00f6m\u00fcnkre szolg\u00e1l hogy egyre t\u00f6bb turista is l\u00e1togatja villamosunkat. A t\u00e1j\u00e9koztat\u00e1st seg\u00edtve, t\u00f6bb idegennyelv\u0171 le\u00edr\u00e1ssal seg\u00edt\u00fcnk anyanyelv\u00fck\u00f6n megismertetni l\u00e1togat\u00f3inkat a P\u00e9csi Villamossal.<\/p>\n\n\n\n<p>Tov\u00e1bbra is v\u00e1rjuk az \u00f3vod\u00e1s \u00e9s iskol\u00e1s csoportok jelentkez\u00e9s\u00e9t villamos\u00f3r\u00e1nkra, melynek keret\u00e9ben j\u00e1t\u00e9kos feladatokon kereszt\u00fcl ismerkedhetnek meg a p\u00e9csi k\u00f6z\u00f6ss\u00e9gi k\u00f6zleked\u00e9s t\u00f6rt\u00e9net\u00e9vel.&nbsp;<\/p>\n\n\n\n<p>Ki\u00e1ll\u00edt\u00e1saink tov\u00e1bbra is folytat\u00f3dnak! Szeretn\u00e9nk min\u00e9l t\u00f6bb p\u00e9csi \u00e9s a k\u00f6rny\u00e9ken \u00e9l\u0151, amat\u0151r, kezd\u0151 m\u0171v\u00e9sz sz\u00e1m\u00e1ra bemutatkoz\u00e1si lehet\u0151s\u00e9get biztos\u00edtani villamosunkban.<\/p>\n\n\n\n<p>Villamosunkat folyamatosan fejlesztj\u00fck, \u00e9rdemes \u00fajra \u00e9s \u00fajra visszal\u00e1togatni hozz\u00e1nk.&nbsp;<\/p>\n\n\n\n<p><strong>Jelentkez\u00e9s: rendezveny@pecsivillamos.hu<\/strong><\/p>\n","protected":false},"excerpt":{"rendered":"<p>\u00c1prilisban villamosunkban a &#8222;Villamosok p\u00e1cban&#8221; c. ki\u00e1ll\u00edt\u00e1s hely\u00e9t Bazs\u00f3 Alex \u00e9s Kapocs Vanessa alkot\u00e1sai vett\u00e9k \u00e1t. A ki\u00e1ll\u00edt\u00e1s m\u00e1jus h\u00f3napban is megtekinthet\u0151 ingyenesen, nyitvatart\u00e1si id\u0151ben. \u00c1prilisban nyitvatart\u00e1si id\u0151nk megv\u00e1ltozott: H\u00e9tf\u0151 &#8211; P\u00e9ntek 10:00 &#8211; 18:00, szombat 14:00 &#8211; 18:00. Villamosunk tov\u00e1bbra is ingyenesen l\u00e1togathat\u00f3! \u00c1lland\u00f3 ki\u00e1ll\u00edt\u00e1sunk, mely a P\u00e9csi villamos t\u00f6rt\u00e9net\u00e9t mutatja a VSnet KFT-nek &hellip; <\/p>\n<p class=\"link-more\"><a href=\"https:\/\/pecsivillamos.hu\/index.php\/2015\/04\/30\/19-megallo-2015-aprilis\/\" class=\"more-link\"><span class=\"screen-reader-text\">&#8222;19. meg\u00e1ll\u00f3: 2015. \u00e1prilis&#8221;<\/span> b\u0151vebben<\/a><\/p>\n","protected":false},"author":2,"featured_media":0,"comment_status":"closed","ping_status":"closed","sticky":false,"template":"","format":"standard","meta":{"footnotes":""},"categories":[3],"tags":[],"class_list":["post-219","post","type-post","status-publish","format-standard","hentry","category-esemeny","entry"],"_links":{"self":[{"href":"https:\/\/pecsivillamos.hu\/index.php\/wp-json\/wp\/v2\/posts\/219","targetHints":{"allow":["GET"]}}],"collection":[{"href":"https:\/\/pecsivillamos.hu\/index.php\/wp-json\/wp\/v2\/posts"}],"about":[{"href":"https:\/\/pecsivillamos.hu\/index.php\/wp-json\/wp\/v2\/types\/post"}],"author":[{"embeddable":true,"href":"https:\/\/pecsivillamos.hu\/index.php\/wp-json\/wp\/v2\/users\/2"}],"replies":[{"embeddable":true,"href":"https:\/\/pecsivillamos.hu\/index.php\/wp-json\/wp\/v2\/comments?post=219"}],"version-history":[{"count":1,"href":"https:\/\/pecsivillamos.hu\/index.php\/wp-json\/wp\/v2\/posts\/219\/revisions"}],"predecessor-version":[{"id":220,"href":"https:\/\/pecsivillamos.hu\/index.php\/wp-json\/wp\/v2\/posts\/219\/revisions\/220"}],"wp:attachment":[{"href":"https:\/\/pecsivillamos.hu\/index.php\/wp-json\/wp\/v2\/media?parent=219"}],"wp:term":[{"taxonomy":"category","embeddable":true,"href":"https:\/\/pecsivillamos.hu\/index.php\/wp-json\/wp\/v2\/categories?post=219"},{"taxonomy":"post_tag","embeddable":true,"href":"https:\/\/pecsivillamos.hu\/index.php\/wp-json\/wp\/v2\/tags?post=219"}],"curies":[{"name":"wp","href":"https:\/\/api.w.org\/{rel}","templated":true}]}}