{"id":216,"date":"2015-03-31T11:26:07","date_gmt":"2015-03-31T09:26:07","guid":{"rendered":"https:\/\/pecsivillamos.hu\/?p=216"},"modified":"2019-04-16T11:27:14","modified_gmt":"2019-04-16T09:27:14","slug":"18-megallo-2015-marcius","status":"publish","type":"post","link":"https:\/\/pecsivillamos.hu\/index.php\/2015\/03\/31\/18-megallo-2015-marcius\/","title":{"rendered":"18. meg\u00e1ll\u00f3: 2015. m\u00e1rcius"},"content":{"rendered":"\n<p>M\u00e1rciusban is folytat\u00f3dtak programjaink.<\/p>\n\n\n\n<p>Febru\u00e1r utols\u00f3 napj\u00e1n versekkel tap\u00e9t\u00e1ztuk be a villamost az \u00daj Irodalom alkot\u00f3csoport szervez\u00e9s\u00e9ben, mely versek k\u00e9t h\u00e9tig voltak olvashat\u00f3ak.<\/p>\n\n\n\n<p>M\u00e1rcius 8-\u00e1n mi is k\u00f6sz\u00f6nt\u00f6tt\u00fck a h\u00f6lgyeket, saj\u00e1t &#8211; k\u00e9zzel k\u00e9sz\u00edtett vir\u00e1gokkal lept\u00fck meg a villamosba l\u00e1togat\u00f3kat.<\/p>\n\n\n\n<p>M\u00e1rcius k\u00f6zep\u00e9n ny\u00edlt meg a Kis k\u00e9pek 100 \u00e9ves keretben c. ki\u00e1ll\u00edt\u00e1s T\u00f6rteli Lilla \u00e9s Kor\u00e1nyi Barnab\u00e1s m\u0171veib\u0151l.<\/p>\n\n\n\n<p>M\u00e1rcius 28-t\u00f3l pedig a &#8222;Villamosok p\u00e1cban&#8221; c. ki\u00e1ll\u00edt\u00e1s l\u00e1that\u00f3 Novotny Gr\u00e9ta \u00e9s Husz\u00e1r Ferenc, di\u00f3fap\u00e1c \u00e9s sz\u00ednes tus k\u00e9peib\u0151l. A ki\u00e1ll\u00edt\u00e1s \u00e1prilis 11-ig megtekinthet\u0151 villamosunkban.<\/p>\n\n\n\n<figure class=\"wp-block-image\"><img loading=\"lazy\" decoding=\"async\" width=\"731\" height=\"1024\" src=\"https:\/\/pecsivillamos.hu\/wp-content\/uploads\/2019\/04\/img-1-731x1024.png\" alt=\"\" class=\"wp-image-217\" srcset=\"https:\/\/pecsivillamos.hu\/wp-content\/uploads\/2019\/04\/img-1-731x1024.png 731w, https:\/\/pecsivillamos.hu\/wp-content\/uploads\/2019\/04\/img-1-450x630.png 450w, https:\/\/pecsivillamos.hu\/wp-content\/uploads\/2019\/04\/img-1-214x300.png 214w, https:\/\/pecsivillamos.hu\/wp-content\/uploads\/2019\/04\/img-1-768x1076.png 768w, https:\/\/pecsivillamos.hu\/wp-content\/uploads\/2019\/04\/img-1.png 771w\" sizes=\"auto, (max-width: 731px) 100vw, 731px\" \/><\/figure>\n","protected":false},"excerpt":{"rendered":"<p>M\u00e1rciusban is folytat\u00f3dtak programjaink. Febru\u00e1r utols\u00f3 napj\u00e1n versekkel tap\u00e9t\u00e1ztuk be a villamost az \u00daj Irodalom alkot\u00f3csoport szervez\u00e9s\u00e9ben, mely versek k\u00e9t h\u00e9tig voltak olvashat\u00f3ak. M\u00e1rcius 8-\u00e1n mi is k\u00f6sz\u00f6nt\u00f6tt\u00fck a h\u00f6lgyeket, saj\u00e1t &#8211; k\u00e9zzel k\u00e9sz\u00edtett vir\u00e1gokkal lept\u00fck meg a villamosba l\u00e1togat\u00f3kat. M\u00e1rcius k\u00f6zep\u00e9n ny\u00edlt meg a Kis k\u00e9pek 100 \u00e9ves keretben c. ki\u00e1ll\u00edt\u00e1s T\u00f6rteli Lilla \u00e9s &hellip; <\/p>\n<p class=\"link-more\"><a href=\"https:\/\/pecsivillamos.hu\/index.php\/2015\/03\/31\/18-megallo-2015-marcius\/\" class=\"more-link\"><span class=\"screen-reader-text\">&#8222;18. meg\u00e1ll\u00f3: 2015. m\u00e1rcius&#8221;<\/span> b\u0151vebben<\/a><\/p>\n","protected":false},"author":2,"featured_media":0,"comment_status":"closed","ping_status":"closed","sticky":false,"template":"","format":"standard","meta":{"footnotes":""},"categories":[3],"tags":[],"class_list":["post-216","post","type-post","status-publish","format-standard","hentry","category-esemeny","entry"],"_links":{"self":[{"href":"https:\/\/pecsivillamos.hu\/index.php\/wp-json\/wp\/v2\/posts\/216","targetHints":{"allow":["GET"]}}],"collection":[{"href":"https:\/\/pecsivillamos.hu\/index.php\/wp-json\/wp\/v2\/posts"}],"about":[{"href":"https:\/\/pecsivillamos.hu\/index.php\/wp-json\/wp\/v2\/types\/post"}],"author":[{"embeddable":true,"href":"https:\/\/pecsivillamos.hu\/index.php\/wp-json\/wp\/v2\/users\/2"}],"replies":[{"embeddable":true,"href":"https:\/\/pecsivillamos.hu\/index.php\/wp-json\/wp\/v2\/comments?post=216"}],"version-history":[{"count":1,"href":"https:\/\/pecsivillamos.hu\/index.php\/wp-json\/wp\/v2\/posts\/216\/revisions"}],"predecessor-version":[{"id":218,"href":"https:\/\/pecsivillamos.hu\/index.php\/wp-json\/wp\/v2\/posts\/216\/revisions\/218"}],"wp:attachment":[{"href":"https:\/\/pecsivillamos.hu\/index.php\/wp-json\/wp\/v2\/media?parent=216"}],"wp:term":[{"taxonomy":"category","embeddable":true,"href":"https:\/\/pecsivillamos.hu\/index.php\/wp-json\/wp\/v2\/categories?post=216"},{"taxonomy":"post_tag","embeddable":true,"href":"https:\/\/pecsivillamos.hu\/index.php\/wp-json\/wp\/v2\/tags?post=216"}],"curies":[{"name":"wp","href":"https:\/\/api.w.org\/{rel}","templated":true}]}}