{"id":213,"date":"2015-02-28T11:24:15","date_gmt":"2015-02-28T10:24:15","guid":{"rendered":"https:\/\/pecsivillamos.hu\/?p=213"},"modified":"2019-04-16T11:26:03","modified_gmt":"2019-04-16T09:26:03","slug":"17-megallo-2015-februar","status":"publish","type":"post","link":"https:\/\/pecsivillamos.hu\/index.php\/2015\/02\/28\/17-megallo-2015-februar\/","title":{"rendered":"17. meg\u00e1ll\u00f3: 2015. Febru\u00e1r"},"content":{"rendered":"\n<p>2015 Febru\u00e1rj\u00e1ban is \u00fajdons\u00e1gokat fedezhetett fel mindenki aki bet\u00e9rt villamosunkba.<\/p>\n\n\n\n<p>Folytatva alapvet\u0151 c\u00e9lunk megval\u00f3s\u00edt\u00e1s\u00e1t, a nosztalgia \u00e9s a villamosk\u00f6zleked\u00e9s hagyom\u00e1ny\u0151rz\u00e9s\u00e9nek jegy\u00e9ben, \u00faj, az egykori villamosk\u00f6zleked\u00e9st bemutat\u00f3 k\u00e9pekkel tett\u00fck sz\u00ednesebb\u00e9 villamosunkat, kieg\u00e9sz\u00edtve a k\u00e1v\u00e9z\u00e1st is n\u00e9pszer\u0171s\u00edt\u0151 k\u00e9pekkel. &nbsp;A k\u00e1v\u00e9z\u00e1ssal kapcsolatos k\u00e9peket S\u00e1gi Tam\u00e1s k\u00e9sz\u00edtette, a villamosfot\u00f3kat \u00e1br\u00e1zol\u00f3 k\u00e9pek elk\u00e9sz\u00edt\u00e9s\u00e9t a VS-Net Kft. biztos\u00edtotta sz\u00e1munkra.<\/p>\n\n\n\n<p>A villamos megnyit\u00e1sa \u00f3ta fontosnak tartjuk a helyi amat\u0151r m\u0171v\u00e9szek felkarol\u00e1s\u00e1t. Ennek jegy\u00e9ben visszat\u00e9r\u0151 alkot\u00f3nk Juh\u00e1sz Dorina: Neon f\u00e9nyek ki\u00e1ll\u00edt\u00e1sa volt megtekinthet\u0151.<\/p>\n\n\n\n<p>Tov\u00e1bbra is fontosnak tartjuk a villamos k\u00f6z\u00f6ss\u00e9gi t\u00e9rk\u00e9nt val\u00f3 funkcion\u00e1l\u00e1s\u00e1t, programok szervez\u00e9s\u00e9t \u00edgy id\u00e9n is megrendezt\u00fck Valentin napi p\u00e1rvet\u00e9lked\u0151nket. \u00d6r\u00fcl\u00fcnk neki, hogy a tavalyi \u00e9vet fel\u00fclm\u00fal\u00f3 n\u00e9pszer\u0171s\u00e9gnek \u00f6rvendett a programunk.<\/p>\n\n\n\n<p>Febru\u00e1rban tesztelt\u00e9k is a k\u00e1v\u00e9z\u00f3val kieg\u00e9sz\u00fclt villamosunkat.<\/p>\n\n\n\n<p>El\u0151sz\u00f6r a Made in P\u00e9cs csapata, majd pedig a Pecsma.hu tesztel\u0151i pr\u00f3b\u00e1lt\u00e1k ki a helyet \u00e9s a finom, k\u00e9zm\u0171ves k\u00e1v\u00e9kat.<\/p>\n\n\n\n<p>A tesztek le\u00edr\u00e1sai itt olvashat\u00f3ak:<\/p>\n\n\n\n<p>Made in P\u00e9cs:&nbsp;<a href=\"http:\/\/madeinpecs.hu\/2015\/02\/teszteltuk-kisules-kavezo\/\">http:\/\/madeinpecs.hu\/2015\/02\/teszteltuk-kisules-kavezo\/<\/a><\/p>\n\n\n\n<p>P\u00e9csma.hu:\u00a0<a href=\"http:\/\/www.pecsma.hu\/abszolut-no\/randi\/retro-villamosban-profi-pecsi-kave\/\">http:\/\/www.pecsma.hu\/abszolut-no\/randi\/retro-villamosban-profi-pecsi-kave\/<\/a><\/p>\n\n\n\n<figure class=\"wp-block-image\"><img loading=\"lazy\" decoding=\"async\" width=\"1024\" height=\"576\" src=\"https:\/\/pecsivillamos.hu\/wp-content\/uploads\/2019\/04\/img-1024x576.jpg\" alt=\"\" class=\"wp-image-214\" srcset=\"https:\/\/pecsivillamos.hu\/wp-content\/uploads\/2019\/04\/img-1024x576.jpg 1024w, https:\/\/pecsivillamos.hu\/wp-content\/uploads\/2019\/04\/img-450x253.jpg 450w, https:\/\/pecsivillamos.hu\/wp-content\/uploads\/2019\/04\/img-300x169.jpg 300w, https:\/\/pecsivillamos.hu\/wp-content\/uploads\/2019\/04\/img-768x432.jpg 768w, https:\/\/pecsivillamos.hu\/wp-content\/uploads\/2019\/04\/img-1568x882.jpg 1568w, https:\/\/pecsivillamos.hu\/wp-content\/uploads\/2019\/04\/img.jpg 2048w\" sizes=\"auto, (max-width: 1024px) 100vw, 1024px\" \/><\/figure>\n","protected":false},"excerpt":{"rendered":"<p>2015 Febru\u00e1rj\u00e1ban is \u00fajdons\u00e1gokat fedezhetett fel mindenki aki bet\u00e9rt villamosunkba. Folytatva alapvet\u0151 c\u00e9lunk megval\u00f3s\u00edt\u00e1s\u00e1t, a nosztalgia \u00e9s a villamosk\u00f6zleked\u00e9s hagyom\u00e1ny\u0151rz\u00e9s\u00e9nek jegy\u00e9ben, \u00faj, az egykori villamosk\u00f6zleked\u00e9st bemutat\u00f3 k\u00e9pekkel tett\u00fck sz\u00ednesebb\u00e9 villamosunkat, kieg\u00e9sz\u00edtve a k\u00e1v\u00e9z\u00e1st is n\u00e9pszer\u0171s\u00edt\u0151 k\u00e9pekkel. &nbsp;A k\u00e1v\u00e9z\u00e1ssal kapcsolatos k\u00e9peket S\u00e1gi Tam\u00e1s k\u00e9sz\u00edtette, a villamosfot\u00f3kat \u00e1br\u00e1zol\u00f3 k\u00e9pek elk\u00e9sz\u00edt\u00e9s\u00e9t a VS-Net Kft. biztos\u00edtotta sz\u00e1munkra. A villamos &hellip; <\/p>\n<p class=\"link-more\"><a href=\"https:\/\/pecsivillamos.hu\/index.php\/2015\/02\/28\/17-megallo-2015-februar\/\" class=\"more-link\"><span class=\"screen-reader-text\">&#8222;17. meg\u00e1ll\u00f3: 2015. Febru\u00e1r&#8221;<\/span> b\u0151vebben<\/a><\/p>\n","protected":false},"author":2,"featured_media":0,"comment_status":"closed","ping_status":"closed","sticky":false,"template":"","format":"standard","meta":{"footnotes":""},"categories":[3],"tags":[],"class_list":["post-213","post","type-post","status-publish","format-standard","hentry","category-esemeny","entry"],"_links":{"self":[{"href":"https:\/\/pecsivillamos.hu\/index.php\/wp-json\/wp\/v2\/posts\/213","targetHints":{"allow":["GET"]}}],"collection":[{"href":"https:\/\/pecsivillamos.hu\/index.php\/wp-json\/wp\/v2\/posts"}],"about":[{"href":"https:\/\/pecsivillamos.hu\/index.php\/wp-json\/wp\/v2\/types\/post"}],"author":[{"embeddable":true,"href":"https:\/\/pecsivillamos.hu\/index.php\/wp-json\/wp\/v2\/users\/2"}],"replies":[{"embeddable":true,"href":"https:\/\/pecsivillamos.hu\/index.php\/wp-json\/wp\/v2\/comments?post=213"}],"version-history":[{"count":1,"href":"https:\/\/pecsivillamos.hu\/index.php\/wp-json\/wp\/v2\/posts\/213\/revisions"}],"predecessor-version":[{"id":215,"href":"https:\/\/pecsivillamos.hu\/index.php\/wp-json\/wp\/v2\/posts\/213\/revisions\/215"}],"wp:attachment":[{"href":"https:\/\/pecsivillamos.hu\/index.php\/wp-json\/wp\/v2\/media?parent=213"}],"wp:term":[{"taxonomy":"category","embeddable":true,"href":"https:\/\/pecsivillamos.hu\/index.php\/wp-json\/wp\/v2\/categories?post=213"},{"taxonomy":"post_tag","embeddable":true,"href":"https:\/\/pecsivillamos.hu\/index.php\/wp-json\/wp\/v2\/tags?post=213"}],"curies":[{"name":"wp","href":"https:\/\/api.w.org\/{rel}","templated":true}]}}