{"id":205,"date":"2015-01-31T11:18:26","date_gmt":"2015-01-31T10:18:26","guid":{"rendered":"https:\/\/pecsivillamos.hu\/?p=205"},"modified":"2019-04-16T11:23:13","modified_gmt":"2019-04-16T09:23:13","slug":"16-megallo-2015-januar","status":"publish","type":"post","link":"https:\/\/pecsivillamos.hu\/index.php\/2015\/01\/31\/16-megallo-2015-januar\/","title":{"rendered":"16. meg\u00e1ll\u00f3: 2015 Janu\u00e1r"},"content":{"rendered":"\n<p><strong>2014. december 31-\u00e9n<\/strong>&nbsp;d\u00e9lut\u00e1n A Kis\u00fcl\u00e9s Akusztik keret\u00e9ben Farkas Tam\u00e1s Zolt\u00e1n git\u00e1rd\u00e9lut\u00e1nj\u00e1val hangol\u00f3dtunk az \u00f3\u00e9v b\u00facs\u00faztat\u00f3ra. Este a dj pult m\u00f6g\u00f6tt DJChefman keverte a zen\u00e9t igazi disco hangulatot teremtve, a hajnalig tart\u00f3 bulival l\u00e9pt\u00fcnk \u00e1t a 2015-\u00f6s \u00e9vbe.<\/p>\n\n\n\n<p><strong>Janu\u00e1rban deb\u00fct\u00e1lt<\/strong>&nbsp;a Kis\u00fcl\u00e9s K\u00e1v\u00e9z\u00f3 saj\u00e1t k\u00e9zm\u0171ves k\u00e1v\u00e9ja, amit most m\u00e1r nem csak a villamosban lehet fogyasztani, hanem b\u00e1rki haza is viheti.&nbsp;<\/p>\n\n\n\n<p><strong>Nagy \u00f6r\u00f6m\u00fcnkre<\/strong>&nbsp;janu\u00e1r k\u00f6zep\u00e9n villamosunkat megl\u00e1togatta Cser J\u00f3zsi b\u00e1csi, aki az utols\u00f3 villamost a hely\u00e9re vezette 1960 augusztus 31-\u00e9n. K\u00f6sz\u00f6nj\u00fck a l\u00e1togat\u00e1s\u00e1t \u00e9s tov\u00e1bbi j\u00f3 eg\u00e9szs\u00e9get k\u00edv\u00e1nunk!<\/p>\n\n\n\n<p><strong>Janu\u00e1r 22-\u00e9n<\/strong>&nbsp;a Magyar Kult\u00fara Napja alkalm\u00e1b\u00f3l d\u00e9lut\u00e1n felolvas\u00f3 estet tartottunk, m\u00e1snap pedig \u00fajra Farkas Tam\u00e1s Zolt\u00e1n git\u00e1restj\u00e9n vehett\u00fcnk r\u00e9szt. Valamint eg\u00e9sz h\u00e9tv\u00e9g\u00e9n gyermekkorunk kedvenc k\u00f6nyveibe is belelapozhattunk.&nbsp;<\/p>\n\n\n\n<p><strong>A h\u00f3nap z\u00e1r\u00e1sak\u00e9nt<\/strong>, janu\u00e1r 31-\u00e9n tartottuk villamos farsangunkat, ahol \u00fajra az arcfest\u00e9s\u00e9 \u00e9s az alkot\u00e1s\u00e9 volt a f\u0151szerep, az \u00e1larcok k\u00e9sz\u00edt\u00e9se k\u00f6zben a Kis\u00fcl\u00e9s K\u00e1v\u00e9z\u00f3 finom f\u00e1nkjait is megk\u00f3stolhattuk.\u00a0<\/p>\n\n\n\n<figure class=\"wp-block-image\"><img loading=\"lazy\" decoding=\"async\" width=\"720\" height=\"960\" src=\"https:\/\/pecsivillamos.hu\/wp-content\/uploads\/2019\/04\/15januar1.jpg\" alt=\"\" class=\"wp-image-206\" srcset=\"https:\/\/pecsivillamos.hu\/wp-content\/uploads\/2019\/04\/15januar1.jpg 720w, https:\/\/pecsivillamos.hu\/wp-content\/uploads\/2019\/04\/15januar1-450x600.jpg 450w, https:\/\/pecsivillamos.hu\/wp-content\/uploads\/2019\/04\/15januar1-225x300.jpg 225w\" sizes=\"auto, (max-width: 720px) 100vw, 720px\" \/><\/figure>\n\n\n\n<figure class=\"wp-block-image\"><img loading=\"lazy\" decoding=\"async\" width=\"720\" height=\"960\" src=\"https:\/\/pecsivillamos.hu\/wp-content\/uploads\/2019\/04\/2015januar2.jpg\" alt=\"\" class=\"wp-image-207\" srcset=\"https:\/\/pecsivillamos.hu\/wp-content\/uploads\/2019\/04\/2015januar2.jpg 720w, https:\/\/pecsivillamos.hu\/wp-content\/uploads\/2019\/04\/2015januar2-450x600.jpg 450w, https:\/\/pecsivillamos.hu\/wp-content\/uploads\/2019\/04\/2015januar2-225x300.jpg 225w\" sizes=\"auto, (max-width: 720px) 100vw, 720px\" \/><\/figure>\n\n\n\n<figure class=\"wp-block-image\"><img loading=\"lazy\" decoding=\"async\" width=\"723\" height=\"1024\" src=\"https:\/\/pecsivillamos.hu\/wp-content\/uploads\/2019\/04\/2015januar3-723x1024.png\" alt=\"\" class=\"wp-image-208\" srcset=\"https:\/\/pecsivillamos.hu\/wp-content\/uploads\/2019\/04\/2015januar3-723x1024.png 723w, https:\/\/pecsivillamos.hu\/wp-content\/uploads\/2019\/04\/2015januar3-450x637.png 450w, https:\/\/pecsivillamos.hu\/wp-content\/uploads\/2019\/04\/2015januar3-212x300.png 212w, https:\/\/pecsivillamos.hu\/wp-content\/uploads\/2019\/04\/2015januar3-768x1087.png 768w, https:\/\/pecsivillamos.hu\/wp-content\/uploads\/2019\/04\/2015januar3.png 1200w\" sizes=\"auto, (max-width: 723px) 100vw, 723px\" \/><\/figure>\n\n\n\n<figure class=\"wp-block-image\"><img loading=\"lazy\" decoding=\"async\" width=\"370\" height=\"504\" src=\"https:\/\/pecsivillamos.hu\/wp-content\/uploads\/2019\/04\/2015januar4.jpg\" alt=\"\" class=\"wp-image-209\" srcset=\"https:\/\/pecsivillamos.hu\/wp-content\/uploads\/2019\/04\/2015januar4.jpg 370w, https:\/\/pecsivillamos.hu\/wp-content\/uploads\/2019\/04\/2015januar4-220x300.jpg 220w\" sizes=\"auto, (max-width: 370px) 100vw, 370px\" \/><\/figure>\n\n\n\n<figure class=\"wp-block-image\"><img loading=\"lazy\" decoding=\"async\" width=\"725\" height=\"1024\" src=\"https:\/\/pecsivillamos.hu\/wp-content\/uploads\/2019\/04\/2015januar5-725x1024.png\" alt=\"\" class=\"wp-image-210\" srcset=\"https:\/\/pecsivillamos.hu\/wp-content\/uploads\/2019\/04\/2015januar5-725x1024.png 725w, https:\/\/pecsivillamos.hu\/wp-content\/uploads\/2019\/04\/2015januar5-450x636.png 450w, https:\/\/pecsivillamos.hu\/wp-content\/uploads\/2019\/04\/2015januar5-212x300.png 212w, https:\/\/pecsivillamos.hu\/wp-content\/uploads\/2019\/04\/2015januar5-768x1085.png 768w, https:\/\/pecsivillamos.hu\/wp-content\/uploads\/2019\/04\/2015januar5.png 1200w\" sizes=\"auto, (max-width: 725px) 100vw, 725px\" \/><\/figure>\n\n\n\n<figure class=\"wp-block-image\"><img loading=\"lazy\" decoding=\"async\" width=\"720\" height=\"960\" src=\"https:\/\/pecsivillamos.hu\/wp-content\/uploads\/2019\/04\/2015januar6.jpg\" alt=\"\" class=\"wp-image-211\" srcset=\"https:\/\/pecsivillamos.hu\/wp-content\/uploads\/2019\/04\/2015januar6.jpg 720w, https:\/\/pecsivillamos.hu\/wp-content\/uploads\/2019\/04\/2015januar6-450x600.jpg 450w, https:\/\/pecsivillamos.hu\/wp-content\/uploads\/2019\/04\/2015januar6-225x300.jpg 225w\" sizes=\"auto, (max-width: 720px) 100vw, 720px\" \/><\/figure>\n","protected":false},"excerpt":{"rendered":"<p>2014. december 31-\u00e9n&nbsp;d\u00e9lut\u00e1n A Kis\u00fcl\u00e9s Akusztik keret\u00e9ben Farkas Tam\u00e1s Zolt\u00e1n git\u00e1rd\u00e9lut\u00e1nj\u00e1val hangol\u00f3dtunk az \u00f3\u00e9v b\u00facs\u00faztat\u00f3ra. Este a dj pult m\u00f6g\u00f6tt DJChefman keverte a zen\u00e9t igazi disco hangulatot teremtve, a hajnalig tart\u00f3 bulival l\u00e9pt\u00fcnk \u00e1t a 2015-\u00f6s \u00e9vbe. Janu\u00e1rban deb\u00fct\u00e1lt&nbsp;a Kis\u00fcl\u00e9s K\u00e1v\u00e9z\u00f3 saj\u00e1t k\u00e9zm\u0171ves k\u00e1v\u00e9ja, amit most m\u00e1r nem csak a villamosban lehet fogyasztani, hanem b\u00e1rki &hellip; <\/p>\n<p class=\"link-more\"><a href=\"https:\/\/pecsivillamos.hu\/index.php\/2015\/01\/31\/16-megallo-2015-januar\/\" class=\"more-link\"><span class=\"screen-reader-text\">&#8222;16. meg\u00e1ll\u00f3: 2015 Janu\u00e1r&#8221;<\/span> b\u0151vebben<\/a><\/p>\n","protected":false},"author":2,"featured_media":0,"comment_status":"closed","ping_status":"closed","sticky":false,"template":"","format":"standard","meta":{"footnotes":""},"categories":[3],"tags":[],"class_list":["post-205","post","type-post","status-publish","format-standard","hentry","category-esemeny","entry"],"_links":{"self":[{"href":"https:\/\/pecsivillamos.hu\/index.php\/wp-json\/wp\/v2\/posts\/205","targetHints":{"allow":["GET"]}}],"collection":[{"href":"https:\/\/pecsivillamos.hu\/index.php\/wp-json\/wp\/v2\/posts"}],"about":[{"href":"https:\/\/pecsivillamos.hu\/index.php\/wp-json\/wp\/v2\/types\/post"}],"author":[{"embeddable":true,"href":"https:\/\/pecsivillamos.hu\/index.php\/wp-json\/wp\/v2\/users\/2"}],"replies":[{"embeddable":true,"href":"https:\/\/pecsivillamos.hu\/index.php\/wp-json\/wp\/v2\/comments?post=205"}],"version-history":[{"count":1,"href":"https:\/\/pecsivillamos.hu\/index.php\/wp-json\/wp\/v2\/posts\/205\/revisions"}],"predecessor-version":[{"id":212,"href":"https:\/\/pecsivillamos.hu\/index.php\/wp-json\/wp\/v2\/posts\/205\/revisions\/212"}],"wp:attachment":[{"href":"https:\/\/pecsivillamos.hu\/index.php\/wp-json\/wp\/v2\/media?parent=205"}],"wp:term":[{"taxonomy":"category","embeddable":true,"href":"https:\/\/pecsivillamos.hu\/index.php\/wp-json\/wp\/v2\/categories?post=205"},{"taxonomy":"post_tag","embeddable":true,"href":"https:\/\/pecsivillamos.hu\/index.php\/wp-json\/wp\/v2\/tags?post=205"}],"curies":[{"name":"wp","href":"https:\/\/api.w.org\/{rel}","templated":true}]}}