{"id":201,"date":"2014-12-31T11:16:01","date_gmt":"2014-12-31T10:16:01","guid":{"rendered":"https:\/\/pecsivillamos.hu\/?p=201"},"modified":"2019-04-16T11:18:23","modified_gmt":"2019-04-16T09:18:23","slug":"15-megallo-2014-december","status":"publish","type":"post","link":"https:\/\/pecsivillamos.hu\/index.php\/2014\/12\/31\/15-megallo-2014-december\/","title":{"rendered":"15. meg\u00e1ll\u00f3: 2014.  December"},"content":{"rendered":"\n<p>A novemberben megkezdett t\u00e9lies\u00edt\u00e9si munk\u00e1latok decemberben tov\u00e1bb folytat\u00f3dtak. A t\u00e9lies\u00edt\u00e9s mellett egy m\u00e1sik oka is volt a fel\u00faj\u00edt\u00e1snak. Szerett\u00fcnk volna egy plusz szolg\u00e1ltat\u00e1ssal m\u00e9g jobban kiszolg\u00e1lni l\u00e1togat\u00f3inkat. Megk\u00f6sz\u00f6nve a vel\u00fcnk t\u00f6lt\u00f6tt t\u00f6bb mint egy \u00e9vet \u00e9s minden \u00faj vend\u00e9g\u00fcnk sz\u00e1m\u00e1ra is \u00fajdons\u00e1got ny\u00fajtatni.&nbsp;<\/p>\n\n\n\n<p>\u00cdgy j\u00f6tt az \u00f6tlet, hogy egy k\u00e1v\u00e9z\u00f3nak adjon helyet villamosunk. \u00cdgy m\u00e1r a fel\u00faj\u00edt\u00e1si munk\u00e1latokat is k\u00f6z\u00f6sen v\u00e9gezte a Coffe Stop Kft csapata \u00e9s a be\u00e9p\u00edt\u00e9st v\u00e9gz\u0151 Neon Paletta Kft. munkat\u00e1rsai valamint Egyes\u00fclet\u00fcnk. A Coffe Stop Kft. \u00e1ltal \u00fczemeltetett Kis\u00fcl\u00e9s k\u00e1v\u00e9z\u00f3 december 20-\u00e1n egy zen\u00e9s esttel egybek\u00f6tve nyitotta meg villamosunkat, \u00fajrat\u00f6ltve k\u00e1v\u00e9val. Az\u00f3ta is finom k\u00e1v\u00e9 k\u00fcl\u00f6nlegess\u00e9gekkel, forralt borral \u00e9s te\u00e1val v\u00e1rj\u00e1k a bet\u00e9r\u0151 vend\u00e9geket.&nbsp;<\/p>\n\n\n\n<p>December 31-\u00e9n egy fergeteges szilveszteri bulival b\u00facs\u00faztattuk az \u00f3\u00e9vet \u00e9s k\u00f6sz\u00f6nt\u00f6tt\u00fck az \u00faj \u00e9vet, a zen\u00e9t dj Chefman biztos\u00edtotta.&nbsp;<\/p>\n\n\n\n<p>2015-ben is v\u00e1rjuk kedves l\u00e1togat\u00f3inkat!<\/p>\n\n\n\n<figure class=\"wp-block-image\"><img loading=\"lazy\" decoding=\"async\" width=\"960\" height=\"597\" src=\"https:\/\/pecsivillamos.hu\/wp-content\/uploads\/2019\/04\/2014dec1.jpg\" alt=\"\" class=\"wp-image-202\" srcset=\"https:\/\/pecsivillamos.hu\/wp-content\/uploads\/2019\/04\/2014dec1.jpg 960w, https:\/\/pecsivillamos.hu\/wp-content\/uploads\/2019\/04\/2014dec1-450x280.jpg 450w, https:\/\/pecsivillamos.hu\/wp-content\/uploads\/2019\/04\/2014dec1-300x187.jpg 300w, https:\/\/pecsivillamos.hu\/wp-content\/uploads\/2019\/04\/2014dec1-768x478.jpg 768w\" sizes=\"auto, (max-width: 960px) 100vw, 960px\" \/><\/figure>\n\n\n\n<figure class=\"wp-block-image\"><img loading=\"lazy\" decoding=\"async\" width=\"725\" height=\"1024\" src=\"https:\/\/pecsivillamos.hu\/wp-content\/uploads\/2019\/04\/2014dec2-725x1024.png\" alt=\"\" class=\"wp-image-203\" srcset=\"https:\/\/pecsivillamos.hu\/wp-content\/uploads\/2019\/04\/2014dec2-725x1024.png 725w, https:\/\/pecsivillamos.hu\/wp-content\/uploads\/2019\/04\/2014dec2-450x636.png 450w, https:\/\/pecsivillamos.hu\/wp-content\/uploads\/2019\/04\/2014dec2-212x300.png 212w, https:\/\/pecsivillamos.hu\/wp-content\/uploads\/2019\/04\/2014dec2-768x1085.png 768w, https:\/\/pecsivillamos.hu\/wp-content\/uploads\/2019\/04\/2014dec2-1568x2216.png 1568w\" sizes=\"auto, (max-width: 725px) 100vw, 725px\" \/><\/figure>\n","protected":false},"excerpt":{"rendered":"<p>A novemberben megkezdett t\u00e9lies\u00edt\u00e9si munk\u00e1latok decemberben tov\u00e1bb folytat\u00f3dtak. A t\u00e9lies\u00edt\u00e9s mellett egy m\u00e1sik oka is volt a fel\u00faj\u00edt\u00e1snak. Szerett\u00fcnk volna egy plusz szolg\u00e1ltat\u00e1ssal m\u00e9g jobban kiszolg\u00e1lni l\u00e1togat\u00f3inkat. Megk\u00f6sz\u00f6nve a vel\u00fcnk t\u00f6lt\u00f6tt t\u00f6bb mint egy \u00e9vet \u00e9s minden \u00faj vend\u00e9g\u00fcnk sz\u00e1m\u00e1ra is \u00fajdons\u00e1got ny\u00fajtatni.&nbsp; \u00cdgy j\u00f6tt az \u00f6tlet, hogy egy k\u00e1v\u00e9z\u00f3nak adjon helyet villamosunk. \u00cdgy m\u00e1r &hellip; <\/p>\n<p class=\"link-more\"><a href=\"https:\/\/pecsivillamos.hu\/index.php\/2014\/12\/31\/15-megallo-2014-december\/\" class=\"more-link\"><span class=\"screen-reader-text\">&#8222;15. meg\u00e1ll\u00f3: 2014.  December&#8221;<\/span> b\u0151vebben<\/a><\/p>\n","protected":false},"author":2,"featured_media":0,"comment_status":"closed","ping_status":"closed","sticky":false,"template":"","format":"standard","meta":{"footnotes":""},"categories":[3],"tags":[],"class_list":["post-201","post","type-post","status-publish","format-standard","hentry","category-esemeny","entry"],"_links":{"self":[{"href":"https:\/\/pecsivillamos.hu\/index.php\/wp-json\/wp\/v2\/posts\/201","targetHints":{"allow":["GET"]}}],"collection":[{"href":"https:\/\/pecsivillamos.hu\/index.php\/wp-json\/wp\/v2\/posts"}],"about":[{"href":"https:\/\/pecsivillamos.hu\/index.php\/wp-json\/wp\/v2\/types\/post"}],"author":[{"embeddable":true,"href":"https:\/\/pecsivillamos.hu\/index.php\/wp-json\/wp\/v2\/users\/2"}],"replies":[{"embeddable":true,"href":"https:\/\/pecsivillamos.hu\/index.php\/wp-json\/wp\/v2\/comments?post=201"}],"version-history":[{"count":1,"href":"https:\/\/pecsivillamos.hu\/index.php\/wp-json\/wp\/v2\/posts\/201\/revisions"}],"predecessor-version":[{"id":204,"href":"https:\/\/pecsivillamos.hu\/index.php\/wp-json\/wp\/v2\/posts\/201\/revisions\/204"}],"wp:attachment":[{"href":"https:\/\/pecsivillamos.hu\/index.php\/wp-json\/wp\/v2\/media?parent=201"}],"wp:term":[{"taxonomy":"category","embeddable":true,"href":"https:\/\/pecsivillamos.hu\/index.php\/wp-json\/wp\/v2\/categories?post=201"},{"taxonomy":"post_tag","embeddable":true,"href":"https:\/\/pecsivillamos.hu\/index.php\/wp-json\/wp\/v2\/tags?post=201"}],"curies":[{"name":"wp","href":"https:\/\/api.w.org\/{rel}","templated":true}]}}