{"id":196,"date":"2014-11-30T11:13:22","date_gmt":"2014-11-30T10:13:22","guid":{"rendered":"https:\/\/pecsivillamos.hu\/?p=196"},"modified":"2019-04-16T11:15:57","modified_gmt":"2019-04-16T09:15:57","slug":"14-megallo-2014-november","status":"publish","type":"post","link":"https:\/\/pecsivillamos.hu\/index.php\/2014\/11\/30\/14-megallo-2014-november\/","title":{"rendered":"14. meg\u00e1ll\u00f3: 2014. November"},"content":{"rendered":"\n<p> Novemberben k\u00e9sz\u00fclve a t\u00e9l bek\u00f6sz\u00f6nt\u00e9re t\u00f6bb hetes sz\u00fcnetre vonult villamosunk. A z\u00e1rva felirat oka, hogy t\u00e9lies\u00edt\u00e9si munk\u00e1latokba fogtunk. A kor\u00e1bbi, az \u00e9v folyam\u00e1n megviselt burkolatokat elt\u00e1vol\u00edtottuk, \u00e9s annak \u00e9rdek\u00e9ben, hogy t\u00e9len is kellemesebb id\u0151 fogadja l\u00e1togat\u00f3inkat, h\u0151szigetel\u00e9si munk\u00e1latokat folytattunk. Azonban a munk\u00e1latokkal szerett\u00fcnk volna pluszt is adni, \u00edgy nem a kor\u00e1bbi burkolatok, hanem ann\u00e1l magasabb min\u0151s\u00e9g\u0171 \u00e9s a hagyom\u00e1nyokhoz jobban ill\u0151 fa anyagokat v\u00e1lasztottunk ki. Ezzel egy\u00fctt az eredeti villamosnak megfelel\u0151en alak\u00edtottuk \u00e1t a vil\u00e1g\u00edt\u00e1st \u00e9s a r\u00e9g v\u00e1rt kapaszkod\u00f3k is a hely\u00fckre ker\u00fcltek. Sajnos az \u0151sz folyam\u00e1n ellopott cseng\u0151t nem siker\u00fclt m\u00e9g p\u00f3tolni, de hamarosan \u00fajra csengetni fog a 100 \u00e9ves P\u00e9csi Villamos.\u00a0 <\/p>\n\n\n\n<figure class=\"wp-block-image\"><img loading=\"lazy\" decoding=\"async\" width=\"400\" height=\"300\" src=\"https:\/\/pecsivillamos.hu\/wp-content\/uploads\/2019\/04\/2014nov1.jpg\" alt=\"\" class=\"wp-image-197\" srcset=\"https:\/\/pecsivillamos.hu\/wp-content\/uploads\/2019\/04\/2014nov1.jpg 400w, https:\/\/pecsivillamos.hu\/wp-content\/uploads\/2019\/04\/2014nov1-300x225.jpg 300w\" sizes=\"auto, (max-width: 400px) 100vw, 400px\" \/><\/figure>\n\n\n\n<figure class=\"wp-block-image\"><img loading=\"lazy\" decoding=\"async\" width=\"225\" height=\"300\" src=\"https:\/\/pecsivillamos.hu\/wp-content\/uploads\/2019\/04\/2014nov2.jpg\" alt=\"\" class=\"wp-image-198\"\/><\/figure>\n\n\n\n<figure class=\"wp-block-image\"><img loading=\"lazy\" decoding=\"async\" width=\"400\" height=\"300\" src=\"https:\/\/pecsivillamos.hu\/wp-content\/uploads\/2019\/04\/2014nov3.jpg\" alt=\"\" class=\"wp-image-199\" srcset=\"https:\/\/pecsivillamos.hu\/wp-content\/uploads\/2019\/04\/2014nov3.jpg 400w, https:\/\/pecsivillamos.hu\/wp-content\/uploads\/2019\/04\/2014nov3-300x225.jpg 300w\" sizes=\"auto, (max-width: 400px) 100vw, 400px\" \/><\/figure>\n","protected":false},"excerpt":{"rendered":"<p>Novemberben k\u00e9sz\u00fclve a t\u00e9l bek\u00f6sz\u00f6nt\u00e9re t\u00f6bb hetes sz\u00fcnetre vonult villamosunk. A z\u00e1rva felirat oka, hogy t\u00e9lies\u00edt\u00e9si munk\u00e1latokba fogtunk. A kor\u00e1bbi, az \u00e9v folyam\u00e1n megviselt burkolatokat elt\u00e1vol\u00edtottuk, \u00e9s annak \u00e9rdek\u00e9ben, hogy t\u00e9len is kellemesebb id\u0151 fogadja l\u00e1togat\u00f3inkat, h\u0151szigetel\u00e9si munk\u00e1latokat folytattunk. Azonban a munk\u00e1latokkal szerett\u00fcnk volna pluszt is adni, \u00edgy nem a kor\u00e1bbi burkolatok, hanem ann\u00e1l magasabb &hellip; <\/p>\n<p class=\"link-more\"><a href=\"https:\/\/pecsivillamos.hu\/index.php\/2014\/11\/30\/14-megallo-2014-november\/\" class=\"more-link\"><span class=\"screen-reader-text\">&#8222;14. meg\u00e1ll\u00f3: 2014. November&#8221;<\/span> b\u0151vebben<\/a><\/p>\n","protected":false},"author":2,"featured_media":0,"comment_status":"closed","ping_status":"closed","sticky":false,"template":"","format":"standard","meta":{"footnotes":""},"categories":[3],"tags":[],"class_list":["post-196","post","type-post","status-publish","format-standard","hentry","category-esemeny","entry"],"_links":{"self":[{"href":"https:\/\/pecsivillamos.hu\/index.php\/wp-json\/wp\/v2\/posts\/196","targetHints":{"allow":["GET"]}}],"collection":[{"href":"https:\/\/pecsivillamos.hu\/index.php\/wp-json\/wp\/v2\/posts"}],"about":[{"href":"https:\/\/pecsivillamos.hu\/index.php\/wp-json\/wp\/v2\/types\/post"}],"author":[{"embeddable":true,"href":"https:\/\/pecsivillamos.hu\/index.php\/wp-json\/wp\/v2\/users\/2"}],"replies":[{"embeddable":true,"href":"https:\/\/pecsivillamos.hu\/index.php\/wp-json\/wp\/v2\/comments?post=196"}],"version-history":[{"count":1,"href":"https:\/\/pecsivillamos.hu\/index.php\/wp-json\/wp\/v2\/posts\/196\/revisions"}],"predecessor-version":[{"id":200,"href":"https:\/\/pecsivillamos.hu\/index.php\/wp-json\/wp\/v2\/posts\/196\/revisions\/200"}],"wp:attachment":[{"href":"https:\/\/pecsivillamos.hu\/index.php\/wp-json\/wp\/v2\/media?parent=196"}],"wp:term":[{"taxonomy":"category","embeddable":true,"href":"https:\/\/pecsivillamos.hu\/index.php\/wp-json\/wp\/v2\/categories?post=196"},{"taxonomy":"post_tag","embeddable":true,"href":"https:\/\/pecsivillamos.hu\/index.php\/wp-json\/wp\/v2\/tags?post=196"}],"curies":[{"name":"wp","href":"https:\/\/api.w.org\/{rel}","templated":true}]}}