{"id":193,"date":"2014-10-31T11:11:22","date_gmt":"2014-10-31T10:11:22","guid":{"rendered":"https:\/\/pecsivillamos.hu\/?p=193"},"modified":"2019-04-16T11:13:01","modified_gmt":"2019-04-16T09:13:01","slug":"13-megallo-2014-oktober","status":"publish","type":"post","link":"https:\/\/pecsivillamos.hu\/index.php\/2014\/10\/31\/13-megallo-2014-oktober\/","title":{"rendered":"13. meg\u00e1ll\u00f3: 2014. Okt\u00f3ber"},"content":{"rendered":"\n<p>Okt\u00f3ber 20-\u00e1n egy fontos \u00e9vfordul\u00f3t \u00fcnnepelt\u00fcnk. Egy \u00e9vesek lett\u00fcnk. Az elm\u00falt egy \u00e9vben a p\u00e9csi villamosk\u00f6zleked\u00e9s hagyom\u00e1ny\u00e1nak meg\u0151rz\u00e9se, bemutat\u00e1sa mellett, sz\u00e1mtalan gyermekprogramnak, iskolai el\u0151ad\u00e1soknak, ki\u00e1ll\u00edt\u00e1soknak, zenei \u00e9s pr\u00f3zai bemutat\u00f3knak biztos\u00edtottunk helysz\u00ednt. K\u00f6sz\u00f6nj\u00fck, hogy megtiszteltek l\u00e1togat\u00e1sukkal. C\u00e9lunk tov\u00e1bbra is soksz\u00edn\u0171 programokat ny\u00fajtani, fiatal, kezd\u0151, amat\u0151r m\u0171v\u00e9szek sz\u00e1m\u00e1ra ki\u00e1ll\u00edt\u00e1si helysz\u00ednt biztos\u00edtani \u00e9s tov\u00e1bbra is bemutatni az egykori p\u00e9csi villamosk\u00f6zleked\u00e9st.<\/p>\n\n\n\n<p><em>Tov\u00e1bbra is &nbsp;v\u00e1rjuk l\u00e1togat\u00f3inkat!<\/em><\/p>\n\n\n\n<p>Okt\u00f3berben \u00fajabb mag\u00e1nrendezv\u00e9nynek is helysz\u00edn\u00fcl szolg\u00e1ltunk. Tov\u00e1bbra is v\u00e1rjuk az \u00e9rdekl\u0151d\u0151ket, legyen sz\u00f3 sz\u00fclet\u00e9snapi rendezv\u00e9nyr\u0151l, vagy ak\u00e1r z\u00e1rtk\u00f6r\u0171 el\u0151ad\u00e1sr\u00f3l, profi technikai h\u00e1tteret is tudunk biztos\u00edtani. R\u00e9szletekr\u0151l telefonon illetve email el\u00e9rhet\u0151s\u00e9g\u00fcnk\u00f6n adunk felvil\u00e1gos\u00edt\u00e1st.<\/p>\n\n\n\n<p>Okt\u00f3ber utols\u00f3 napja az angolsz\u00e1sz ter\u00fcleteken Halloween \u00e9jszak\u00e1ja. P\u00e9cs egyetemi v\u00e1ros, \u00e9s tapasztalataink alapj\u00e1n m\u00e9g okt\u00f3ber h\u00f3napban is jelent\u0151s a k\u00fclf\u00f6ldi l\u00e1togat\u00f3k ar\u00e1nya, \u00edgy villamosunkat is ezen az \u00e9jszak\u00e1n halloweeni d\u00edszbe \u00f6lt\u00f6ztett\u00fck. A gyerekek sz\u00e1m\u00e1ra lehet\u0151s\u00e9g volt arcfest\u00e9sre, t\u00f6k farag\u00e1sra is. A halloween t\u00f6rt\u00e9nete mellett megismerhett\u00e9k a Mindenszentek \u00e9s Halottak napj\u00e1nak \u00fcnnepk\u00f6r\u00e9t is.<\/p>\n\n\n\n<figure class=\"wp-block-image\"><img loading=\"lazy\" decoding=\"async\" width=\"960\" height=\"720\" src=\"https:\/\/pecsivillamos.hu\/wp-content\/uploads\/2019\/04\/2014oktober.jpg\" alt=\"\" class=\"wp-image-194\" srcset=\"https:\/\/pecsivillamos.hu\/wp-content\/uploads\/2019\/04\/2014oktober.jpg 960w, https:\/\/pecsivillamos.hu\/wp-content\/uploads\/2019\/04\/2014oktober-450x338.jpg 450w, https:\/\/pecsivillamos.hu\/wp-content\/uploads\/2019\/04\/2014oktober-300x225.jpg 300w, https:\/\/pecsivillamos.hu\/wp-content\/uploads\/2019\/04\/2014oktober-768x576.jpg 768w\" sizes=\"auto, (max-width: 960px) 100vw, 960px\" \/><\/figure>\n","protected":false},"excerpt":{"rendered":"<p>Okt\u00f3ber 20-\u00e1n egy fontos \u00e9vfordul\u00f3t \u00fcnnepelt\u00fcnk. Egy \u00e9vesek lett\u00fcnk. Az elm\u00falt egy \u00e9vben a p\u00e9csi villamosk\u00f6zleked\u00e9s hagyom\u00e1ny\u00e1nak meg\u0151rz\u00e9se, bemutat\u00e1sa mellett, sz\u00e1mtalan gyermekprogramnak, iskolai el\u0151ad\u00e1soknak, ki\u00e1ll\u00edt\u00e1soknak, zenei \u00e9s pr\u00f3zai bemutat\u00f3knak biztos\u00edtottunk helysz\u00ednt. K\u00f6sz\u00f6nj\u00fck, hogy megtiszteltek l\u00e1togat\u00e1sukkal. C\u00e9lunk tov\u00e1bbra is soksz\u00edn\u0171 programokat ny\u00fajtani, fiatal, kezd\u0151, amat\u0151r m\u0171v\u00e9szek sz\u00e1m\u00e1ra ki\u00e1ll\u00edt\u00e1si helysz\u00ednt biztos\u00edtani \u00e9s tov\u00e1bbra is bemutatni az egykori &hellip; <\/p>\n<p class=\"link-more\"><a href=\"https:\/\/pecsivillamos.hu\/index.php\/2014\/10\/31\/13-megallo-2014-oktober\/\" class=\"more-link\"><span class=\"screen-reader-text\">&#8222;13. meg\u00e1ll\u00f3: 2014. Okt\u00f3ber&#8221;<\/span> b\u0151vebben<\/a><\/p>\n","protected":false},"author":2,"featured_media":0,"comment_status":"closed","ping_status":"closed","sticky":false,"template":"","format":"standard","meta":{"footnotes":""},"categories":[3],"tags":[],"class_list":["post-193","post","type-post","status-publish","format-standard","hentry","category-esemeny","entry"],"_links":{"self":[{"href":"https:\/\/pecsivillamos.hu\/index.php\/wp-json\/wp\/v2\/posts\/193","targetHints":{"allow":["GET"]}}],"collection":[{"href":"https:\/\/pecsivillamos.hu\/index.php\/wp-json\/wp\/v2\/posts"}],"about":[{"href":"https:\/\/pecsivillamos.hu\/index.php\/wp-json\/wp\/v2\/types\/post"}],"author":[{"embeddable":true,"href":"https:\/\/pecsivillamos.hu\/index.php\/wp-json\/wp\/v2\/users\/2"}],"replies":[{"embeddable":true,"href":"https:\/\/pecsivillamos.hu\/index.php\/wp-json\/wp\/v2\/comments?post=193"}],"version-history":[{"count":1,"href":"https:\/\/pecsivillamos.hu\/index.php\/wp-json\/wp\/v2\/posts\/193\/revisions"}],"predecessor-version":[{"id":195,"href":"https:\/\/pecsivillamos.hu\/index.php\/wp-json\/wp\/v2\/posts\/193\/revisions\/195"}],"wp:attachment":[{"href":"https:\/\/pecsivillamos.hu\/index.php\/wp-json\/wp\/v2\/media?parent=193"}],"wp:term":[{"taxonomy":"category","embeddable":true,"href":"https:\/\/pecsivillamos.hu\/index.php\/wp-json\/wp\/v2\/categories?post=193"},{"taxonomy":"post_tag","embeddable":true,"href":"https:\/\/pecsivillamos.hu\/index.php\/wp-json\/wp\/v2\/tags?post=193"}],"curies":[{"name":"wp","href":"https:\/\/api.w.org\/{rel}","templated":true}]}}