{"id":189,"date":"2014-09-30T11:06:57","date_gmt":"2014-09-30T09:06:57","guid":{"rendered":"https:\/\/pecsivillamos.hu\/?p=189"},"modified":"2019-04-16T11:10:21","modified_gmt":"2019-04-16T09:10:21","slug":"12-megallo-2014-szeptember","status":"publish","type":"post","link":"https:\/\/pecsivillamos.hu\/index.php\/2014\/09\/30\/12-megallo-2014-szeptember\/","title":{"rendered":"12. meg\u00e1ll\u00f3: 2014. Szeptember"},"content":{"rendered":"\n<p> Szeptemberben V\u00e1rosunkba is bek\u00f6sz\u00f6nt\u00f6tt az \u0151sz. Az iskol\u00e1kban ism\u00e9t becs\u00f6ngettek, a ny\u00e1ri pihen\u0151 ut\u00e1n \u00fajra megn\u00f6vekedett a forgalom az utakon \u00e9s a buszj\u00e1ratokon is. Szeptember els\u0151 p\u00e9ntek d\u00e9lut\u00e1nj\u00e1n a gyerekeknek kedvezt\u00fcnk, a villamos vend\u00e9ge volt Ribizli boh\u00f3c aki programj\u00e1val sok sok gyermek arc\u00e1ra csalt mosolyt.\u00a0 <\/p>\n\n\n\n<figure class=\"wp-block-image\"><img loading=\"lazy\" decoding=\"async\" width=\"1024\" height=\"768\" src=\"https:\/\/pecsivillamos.hu\/wp-content\/uploads\/2019\/04\/2014szeptember-1024x768.jpg\" alt=\"\" class=\"wp-image-190\" srcset=\"https:\/\/pecsivillamos.hu\/wp-content\/uploads\/2019\/04\/2014szeptember-1024x768.jpg 1024w, https:\/\/pecsivillamos.hu\/wp-content\/uploads\/2019\/04\/2014szeptember-450x338.jpg 450w, https:\/\/pecsivillamos.hu\/wp-content\/uploads\/2019\/04\/2014szeptember-300x225.jpg 300w, https:\/\/pecsivillamos.hu\/wp-content\/uploads\/2019\/04\/2014szeptember-768x576.jpg 768w, https:\/\/pecsivillamos.hu\/wp-content\/uploads\/2019\/04\/2014szeptember-1568x1176.jpg 1568w, https:\/\/pecsivillamos.hu\/wp-content\/uploads\/2019\/04\/2014szeptember.jpg 2048w\" sizes=\"auto, (max-width: 1024px) 100vw, 1024px\" \/><\/figure>\n\n\n\n<p>Szeptember 27-\u00e9n a Greenpeace lelkes csapata fogott m\u00e9h ment\u00e9sbe villamosunkon. A cs\u00edpem a m\u00e9heket program c\u00e9lja, hogy felh\u00edvjuk a figyelmet a m\u00e9hek v\u00e9delm\u00e9re. A programon a kezdem\u00e9nyez\u00e9st al\u00e1\u00edr\u00e1sukkal is lehetett t\u00e1mogatni. \u00a0De lehet\u0151s\u00e9g volt m\u00e9hmened\u00e9k k\u00e9sz\u00edt\u00e9s\u00e9re is. Interakt\u00edv el\u0151ad\u00e1sok keret\u00e9ben mindenki megismerhette, mi\u00e9rt is fontosak a m\u00e9hek. A gyerekek sz\u00e1m\u00e1ra alkot\u00f3 sarkot alak\u00edtottunk ki, \u00e9s a k\u00f6zkedvelt arcfest\u00e9sre is lehet\u0151s\u00e9g ny\u00edlt. Aki akarta igazi emberm\u00e9ret\u0171 m\u00e9hekkel is k\u00f6z\u00f6s fot\u00f3n szerepelhetett.<\/p>\n\n\n\n<figure class=\"wp-block-image\"><img loading=\"lazy\" decoding=\"async\" width=\"1024\" height=\"768\" src=\"https:\/\/pecsivillamos.hu\/wp-content\/uploads\/2019\/04\/2014szeptember2-1024x768.jpg\" alt=\"\" class=\"wp-image-191\" srcset=\"https:\/\/pecsivillamos.hu\/wp-content\/uploads\/2019\/04\/2014szeptember2-1024x768.jpg 1024w, https:\/\/pecsivillamos.hu\/wp-content\/uploads\/2019\/04\/2014szeptember2-450x338.jpg 450w, https:\/\/pecsivillamos.hu\/wp-content\/uploads\/2019\/04\/2014szeptember2-300x225.jpg 300w, https:\/\/pecsivillamos.hu\/wp-content\/uploads\/2019\/04\/2014szeptember2-768x576.jpg 768w, https:\/\/pecsivillamos.hu\/wp-content\/uploads\/2019\/04\/2014szeptember2-1568x1176.jpg 1568w, https:\/\/pecsivillamos.hu\/wp-content\/uploads\/2019\/04\/2014szeptember2.jpg 2048w\" sizes=\"auto, (max-width: 1024px) 100vw, 1024px\" \/><\/figure>\n","protected":false},"excerpt":{"rendered":"<p>Szeptemberben V\u00e1rosunkba is bek\u00f6sz\u00f6nt\u00f6tt az \u0151sz. Az iskol\u00e1kban ism\u00e9t becs\u00f6ngettek, a ny\u00e1ri pihen\u0151 ut\u00e1n \u00fajra megn\u00f6vekedett a forgalom az utakon \u00e9s a buszj\u00e1ratokon is. Szeptember els\u0151 p\u00e9ntek d\u00e9lut\u00e1nj\u00e1n a gyerekeknek kedvezt\u00fcnk, a villamos vend\u00e9ge volt Ribizli boh\u00f3c aki programj\u00e1val sok sok gyermek arc\u00e1ra csalt mosolyt.\u00a0 Szeptember 27-\u00e9n a Greenpeace lelkes csapata fogott m\u00e9h ment\u00e9sbe villamosunkon. &hellip; <\/p>\n<p class=\"link-more\"><a href=\"https:\/\/pecsivillamos.hu\/index.php\/2014\/09\/30\/12-megallo-2014-szeptember\/\" class=\"more-link\"><span class=\"screen-reader-text\">&#8222;12. meg\u00e1ll\u00f3: 2014. Szeptember&#8221;<\/span> b\u0151vebben<\/a><\/p>\n","protected":false},"author":2,"featured_media":0,"comment_status":"closed","ping_status":"closed","sticky":false,"template":"","format":"standard","meta":{"footnotes":""},"categories":[3],"tags":[],"class_list":["post-189","post","type-post","status-publish","format-standard","hentry","category-esemeny","entry"],"_links":{"self":[{"href":"https:\/\/pecsivillamos.hu\/index.php\/wp-json\/wp\/v2\/posts\/189","targetHints":{"allow":["GET"]}}],"collection":[{"href":"https:\/\/pecsivillamos.hu\/index.php\/wp-json\/wp\/v2\/posts"}],"about":[{"href":"https:\/\/pecsivillamos.hu\/index.php\/wp-json\/wp\/v2\/types\/post"}],"author":[{"embeddable":true,"href":"https:\/\/pecsivillamos.hu\/index.php\/wp-json\/wp\/v2\/users\/2"}],"replies":[{"embeddable":true,"href":"https:\/\/pecsivillamos.hu\/index.php\/wp-json\/wp\/v2\/comments?post=189"}],"version-history":[{"count":1,"href":"https:\/\/pecsivillamos.hu\/index.php\/wp-json\/wp\/v2\/posts\/189\/revisions"}],"predecessor-version":[{"id":192,"href":"https:\/\/pecsivillamos.hu\/index.php\/wp-json\/wp\/v2\/posts\/189\/revisions\/192"}],"wp:attachment":[{"href":"https:\/\/pecsivillamos.hu\/index.php\/wp-json\/wp\/v2\/media?parent=189"}],"wp:term":[{"taxonomy":"category","embeddable":true,"href":"https:\/\/pecsivillamos.hu\/index.php\/wp-json\/wp\/v2\/categories?post=189"},{"taxonomy":"post_tag","embeddable":true,"href":"https:\/\/pecsivillamos.hu\/index.php\/wp-json\/wp\/v2\/tags?post=189"}],"curies":[{"name":"wp","href":"https:\/\/api.w.org\/{rel}","templated":true}]}}