{"id":187,"date":"2014-08-31T11:06:12","date_gmt":"2014-08-31T09:06:12","guid":{"rendered":"https:\/\/pecsivillamos.hu\/?p=187"},"modified":"2019-04-16T11:06:51","modified_gmt":"2019-04-16T09:06:51","slug":"11-megallo-2014-augusztus","status":"publish","type":"post","link":"https:\/\/pecsivillamos.hu\/index.php\/2014\/08\/31\/11-megallo-2014-augusztus\/","title":{"rendered":"11. meg\u00e1ll\u00f3: 2014. Augusztus"},"content":{"rendered":"\n<p>\n\nAugusztusban \u00faj nyitvatart\u00e1si rendre v\u00e1ltottunk, valamint befejez\u0151d\u00f6tt a p\u00e9csi villamos t\u00f6rt\u00e9net\u00e9t bemutat\u00f3 sorozatunk. Augusztus 22-\u00e9n este a Never in the time zenekar adott koncertet, akik m\u00e1r 2013 december\u00e9ben is bemutatkoztak villamosunkban. Fell\u00e9p\u00e9s\u00fck ny\u00e1rz\u00e1r\u00f3nak is tekinthet\u0151 volt, valamint mivel a csapat tagjai m\u00e1s &#8211; m\u00e1s v\u00e1rosban folytatja tanulm\u00e1nyait, \u00edgy a zenekar jelenlegi form\u00e1ci\u00f3j\u00e1nak z\u00e1r\u00f3 fell\u00e9p\u00e9se is volt egyben. A hangulat most is nagyon j\u00f3 volt. Augusztus m\u00e1sodik fel\u00e9ben, \u00faj logikai &#8211; \u00fcgyess\u00e9gi j\u00e1t\u00e9kokkal is gazdagabbak lett\u00fcnk, gyerekek \u00e9s feln\u0151ttek nagy \u00f6r\u00f6m\u00e9re. \u00c9s term\u00e9szetesen Augusztus 31-\u00e9n a villamos megsz\u0171n\u00e9s\u00e9nek \u00e9vfordul\u00f3j\u00e1n is nyitva tartottunk, egy\u00fctt eml\u00e9kezve az esem\u00e9nyre.\n\n<\/p>\n","protected":false},"excerpt":{"rendered":"<p>Augusztusban \u00faj nyitvatart\u00e1si rendre v\u00e1ltottunk, valamint befejez\u0151d\u00f6tt a p\u00e9csi villamos t\u00f6rt\u00e9net\u00e9t bemutat\u00f3 sorozatunk. Augusztus 22-\u00e9n este a Never in the time zenekar adott koncertet, akik m\u00e1r 2013 december\u00e9ben is bemutatkoztak villamosunkban. Fell\u00e9p\u00e9s\u00fck ny\u00e1rz\u00e1r\u00f3nak is tekinthet\u0151 volt, valamint mivel a csapat tagjai m\u00e1s &#8211; m\u00e1s v\u00e1rosban folytatja tanulm\u00e1nyait, \u00edgy a zenekar jelenlegi form\u00e1ci\u00f3j\u00e1nak z\u00e1r\u00f3 fell\u00e9p\u00e9se is &hellip; <\/p>\n<p class=\"link-more\"><a href=\"https:\/\/pecsivillamos.hu\/index.php\/2014\/08\/31\/11-megallo-2014-augusztus\/\" class=\"more-link\"><span class=\"screen-reader-text\">&#8222;11. meg\u00e1ll\u00f3: 2014. Augusztus&#8221;<\/span> b\u0151vebben<\/a><\/p>\n","protected":false},"author":2,"featured_media":0,"comment_status":"closed","ping_status":"closed","sticky":false,"template":"","format":"standard","meta":{"footnotes":""},"categories":[3],"tags":[],"class_list":["post-187","post","type-post","status-publish","format-standard","hentry","category-esemeny","entry"],"_links":{"self":[{"href":"https:\/\/pecsivillamos.hu\/index.php\/wp-json\/wp\/v2\/posts\/187","targetHints":{"allow":["GET"]}}],"collection":[{"href":"https:\/\/pecsivillamos.hu\/index.php\/wp-json\/wp\/v2\/posts"}],"about":[{"href":"https:\/\/pecsivillamos.hu\/index.php\/wp-json\/wp\/v2\/types\/post"}],"author":[{"embeddable":true,"href":"https:\/\/pecsivillamos.hu\/index.php\/wp-json\/wp\/v2\/users\/2"}],"replies":[{"embeddable":true,"href":"https:\/\/pecsivillamos.hu\/index.php\/wp-json\/wp\/v2\/comments?post=187"}],"version-history":[{"count":1,"href":"https:\/\/pecsivillamos.hu\/index.php\/wp-json\/wp\/v2\/posts\/187\/revisions"}],"predecessor-version":[{"id":188,"href":"https:\/\/pecsivillamos.hu\/index.php\/wp-json\/wp\/v2\/posts\/187\/revisions\/188"}],"wp:attachment":[{"href":"https:\/\/pecsivillamos.hu\/index.php\/wp-json\/wp\/v2\/media?parent=187"}],"wp:term":[{"taxonomy":"category","embeddable":true,"href":"https:\/\/pecsivillamos.hu\/index.php\/wp-json\/wp\/v2\/categories?post=187"},{"taxonomy":"post_tag","embeddable":true,"href":"https:\/\/pecsivillamos.hu\/index.php\/wp-json\/wp\/v2\/tags?post=187"}],"curies":[{"name":"wp","href":"https:\/\/api.w.org\/{rel}","templated":true}]}}