{"id":185,"date":"2014-07-31T11:05:04","date_gmt":"2014-07-31T09:05:04","guid":{"rendered":"https:\/\/pecsivillamos.hu\/?p=185"},"modified":"2019-04-16T11:06:01","modified_gmt":"2019-04-16T09:06:01","slug":"10-megallo-2014-julius","status":"publish","type":"post","link":"https:\/\/pecsivillamos.hu\/index.php\/2014\/07\/31\/10-megallo-2014-julius\/","title":{"rendered":"10. meg\u00e1ll\u00f3: 2014. j\u00falius"},"content":{"rendered":"\n<p>\n\nJ\u00falius h\u00f3napban tov\u00e1bb folytat\u00f3dott a P\u00e9csi Villamos k\u00f6zleked\u00e9s\u00e9t bemutat\u00f3 ki\u00e1ll\u00edt\u00e1sunk, valamint cikksorozatunkb\u00f3l is minden h\u00e9ten \u00faj cikkek jelentek meg a regi.pecsivillamos.hu oldalunkon. J\u00falius 12-\u00e9n Juh\u00e1sz Dorina &#8211; Hat\u00e1sok c. ki\u00e1ll\u00edt\u00e1sa ny\u00edlt meg villamosunkban, mely eg\u00e9szen augusztus 2.-ig v\u00e1rta a l\u00e1togat\u00f3kat. Eg\u00e9sz h\u00f3napban a megszokott nyitvatart\u00e1s alatt nagyon sok turista \u00e9s helyi lakos keresett fel minket, hogy p\u00e1r percre nosztalgi\u00e1zzon, illetve az unok\u00e1kkal megismertesse a 100 \u00e9vvel ezel\u0151tti p\u00e9csi k\u00f6zleked\u00e9si szok\u00e1sokat.&nbsp;\n\n<\/p>\n","protected":false},"excerpt":{"rendered":"<p>J\u00falius h\u00f3napban tov\u00e1bb folytat\u00f3dott a P\u00e9csi Villamos k\u00f6zleked\u00e9s\u00e9t bemutat\u00f3 ki\u00e1ll\u00edt\u00e1sunk, valamint cikksorozatunkb\u00f3l is minden h\u00e9ten \u00faj cikkek jelentek meg a regi.pecsivillamos.hu oldalunkon. J\u00falius 12-\u00e9n Juh\u00e1sz Dorina &#8211; Hat\u00e1sok c. ki\u00e1ll\u00edt\u00e1sa ny\u00edlt meg villamosunkban, mely eg\u00e9szen augusztus 2.-ig v\u00e1rta a l\u00e1togat\u00f3kat. Eg\u00e9sz h\u00f3napban a megszokott nyitvatart\u00e1s alatt nagyon sok turista \u00e9s helyi lakos keresett fel minket, &hellip; <\/p>\n<p class=\"link-more\"><a href=\"https:\/\/pecsivillamos.hu\/index.php\/2014\/07\/31\/10-megallo-2014-julius\/\" class=\"more-link\"><span class=\"screen-reader-text\">&#8222;10. meg\u00e1ll\u00f3: 2014. j\u00falius&#8221;<\/span> b\u0151vebben<\/a><\/p>\n","protected":false},"author":2,"featured_media":0,"comment_status":"closed","ping_status":"closed","sticky":false,"template":"","format":"standard","meta":{"footnotes":""},"categories":[3],"tags":[],"class_list":["post-185","post","type-post","status-publish","format-standard","hentry","category-esemeny","entry"],"_links":{"self":[{"href":"https:\/\/pecsivillamos.hu\/index.php\/wp-json\/wp\/v2\/posts\/185","targetHints":{"allow":["GET"]}}],"collection":[{"href":"https:\/\/pecsivillamos.hu\/index.php\/wp-json\/wp\/v2\/posts"}],"about":[{"href":"https:\/\/pecsivillamos.hu\/index.php\/wp-json\/wp\/v2\/types\/post"}],"author":[{"embeddable":true,"href":"https:\/\/pecsivillamos.hu\/index.php\/wp-json\/wp\/v2\/users\/2"}],"replies":[{"embeddable":true,"href":"https:\/\/pecsivillamos.hu\/index.php\/wp-json\/wp\/v2\/comments?post=185"}],"version-history":[{"count":1,"href":"https:\/\/pecsivillamos.hu\/index.php\/wp-json\/wp\/v2\/posts\/185\/revisions"}],"predecessor-version":[{"id":186,"href":"https:\/\/pecsivillamos.hu\/index.php\/wp-json\/wp\/v2\/posts\/185\/revisions\/186"}],"wp:attachment":[{"href":"https:\/\/pecsivillamos.hu\/index.php\/wp-json\/wp\/v2\/media?parent=185"}],"wp:term":[{"taxonomy":"category","embeddable":true,"href":"https:\/\/pecsivillamos.hu\/index.php\/wp-json\/wp\/v2\/categories?post=185"},{"taxonomy":"post_tag","embeddable":true,"href":"https:\/\/pecsivillamos.hu\/index.php\/wp-json\/wp\/v2\/tags?post=185"}],"curies":[{"name":"wp","href":"https:\/\/api.w.org\/{rel}","templated":true}]}}