{"id":182,"date":"2014-06-30T11:03:12","date_gmt":"2014-06-30T09:03:12","guid":{"rendered":"https:\/\/pecsivillamos.hu\/?p=182"},"modified":"2019-04-16T11:04:57","modified_gmt":"2019-04-16T09:04:57","slug":"9-megallo-2014-junius","status":"publish","type":"post","link":"https:\/\/pecsivillamos.hu\/index.php\/2014\/06\/30\/9-megallo-2014-junius\/","title":{"rendered":"9. meg\u00e1ll\u00f3: 2014. j\u00fanius"},"content":{"rendered":"\n<p>A ny\u00e1r els\u0151 h\u00f3napja villamosunk is a k\u00e1nikul\u00e1t\u00f3l \u00e9s az iskol\u00e1b\u00f3l kiker\u00fclt felszabadult gyerekcsoportokt\u00f3l volt hangos. M\u00e1r az utols\u00f3 tan\u00edt\u00e1si h\u00e9ten l\u00e1togat\u00e1s\u00e1t tette villamosunkban a Testv\u00e9rv\u00e1rosok Terei \u00c1ltal\u00e1nos iskola m\u00e1sodik \u00e9vfolyama akiknek eg\u00e9sz d\u00e9lel\u0151tt\u00f6s foglalkoz\u00e1st biztos\u00edtottunk, h\u00e1rom csoportra bontva. A ny\u00e1ri sz\u00fcnet els\u0151 het\u00e9ben a Bog\u00e1di \u00c1ltal\u00e1nos Iskola di\u00e1kjai l\u00e1togattak hozz\u00e1nk, majd pedig t\u00f6bb \u00edzben, t\u00f6bb csoport is \u00e9rkezett a P\u00e9csi Kultur\u00e1lis K\u00f6zpont Sziv\u00e1rv\u00e1ny Gyermekh\u00e1zb\u00f3l is. A szervezett foglalkoz\u00e1sok mellett, t\u00f6bb turista csoport is \u00e9rkezett. Sokan a h\u0151s\u00e9gben val\u00f3 megpihen\u00e9sk\u00e9nt v\u00e1lasztotta a villamost egy fagyi vagy \u00fcd\u00edt\u0151 k\u00eds\u00e9ret\u00e9ben.&nbsp;<\/p>\n\n\n\n<p>A h\u00f3nap kiemelt esem\u00e9nye J\u00fanius 21.-\u00e9n a M\u00fazeumok \u00c9jszak\u00e1ja volt, amikor eg\u00e9szen este f\u00e9l11-ig v\u00e1rtuk a l\u00e1togat\u00f3kat. Ezen a napon ny\u00edlt meg leg\u00fajabb k\u00e9pes ki\u00e1ll\u00edt\u00e1sunk, mely az egykori P\u00e9csi Villamost mutatja be. A program sor\u00e1n 30-as, 60-as \u00e9vekbeli zene mellett a gyerekek fakock\u00e1zhattak, megn\u00e9zhettek r\u00e9gi r\u00e1di\u00f3t, \u00f3r\u00e1t, hangszereket \u00e9s k\u00e9t korabeli aut\u00f3busz modellt is.&nbsp;<\/p>\n\n\n\n<p>Z\u00e1rtk\u00f6r\u0171 rendezv\u00e9ny form\u00e1j\u00e1ban egy sz\u00fclet\u00e9snapnak is helysz\u00ednt adott villamosunk.&nbsp;<\/p>\n\n\n\n<p>Tov\u00e1bbra is v\u00e1runk mindenkit nagy szeretettel, \u00faj ki\u00e1ll\u00edt\u00e1sokkal \u00e9s programokkal. Valamint el\u0151zetes egyeztet\u00e9s alapj\u00e1n eg\u00e9sz ny\u00e1ron v\u00e1rjuk a csoportokat szem\u00e9lyre szabott foglalkoz\u00e1sra, rendezv\u00e9nyek szervez\u00e9s\u00e9re.\u00a0<\/p>\n\n\n\n<figure class=\"wp-block-image\"><img loading=\"lazy\" decoding=\"async\" width=\"1024\" height=\"768\" src=\"https:\/\/pecsivillamos.hu\/wp-content\/uploads\/2019\/04\/2014j\u00fanius-1024x768.jpg\" alt=\"\" class=\"wp-image-183\" srcset=\"https:\/\/pecsivillamos.hu\/wp-content\/uploads\/2019\/04\/2014j\u00fanius-1024x768.jpg 1024w, https:\/\/pecsivillamos.hu\/wp-content\/uploads\/2019\/04\/2014j\u00fanius-450x338.jpg 450w, https:\/\/pecsivillamos.hu\/wp-content\/uploads\/2019\/04\/2014j\u00fanius-300x225.jpg 300w, https:\/\/pecsivillamos.hu\/wp-content\/uploads\/2019\/04\/2014j\u00fanius-768x576.jpg 768w, https:\/\/pecsivillamos.hu\/wp-content\/uploads\/2019\/04\/2014j\u00fanius-1568x1176.jpg 1568w, https:\/\/pecsivillamos.hu\/wp-content\/uploads\/2019\/04\/2014j\u00fanius.jpg 2048w\" sizes=\"auto, (max-width: 1024px) 100vw, 1024px\" \/><\/figure>\n","protected":false},"excerpt":{"rendered":"<p>A ny\u00e1r els\u0151 h\u00f3napja villamosunk is a k\u00e1nikul\u00e1t\u00f3l \u00e9s az iskol\u00e1b\u00f3l kiker\u00fclt felszabadult gyerekcsoportokt\u00f3l volt hangos. M\u00e1r az utols\u00f3 tan\u00edt\u00e1si h\u00e9ten l\u00e1togat\u00e1s\u00e1t tette villamosunkban a Testv\u00e9rv\u00e1rosok Terei \u00c1ltal\u00e1nos iskola m\u00e1sodik \u00e9vfolyama akiknek eg\u00e9sz d\u00e9lel\u0151tt\u00f6s foglalkoz\u00e1st biztos\u00edtottunk, h\u00e1rom csoportra bontva. A ny\u00e1ri sz\u00fcnet els\u0151 het\u00e9ben a Bog\u00e1di \u00c1ltal\u00e1nos Iskola di\u00e1kjai l\u00e1togattak hozz\u00e1nk, majd pedig t\u00f6bb \u00edzben, &hellip; <\/p>\n<p class=\"link-more\"><a href=\"https:\/\/pecsivillamos.hu\/index.php\/2014\/06\/30\/9-megallo-2014-junius\/\" class=\"more-link\"><span class=\"screen-reader-text\">&#8222;9. meg\u00e1ll\u00f3: 2014. j\u00fanius&#8221;<\/span> b\u0151vebben<\/a><\/p>\n","protected":false},"author":2,"featured_media":0,"comment_status":"closed","ping_status":"closed","sticky":false,"template":"","format":"standard","meta":{"footnotes":""},"categories":[3],"tags":[],"class_list":["post-182","post","type-post","status-publish","format-standard","hentry","category-esemeny","entry"],"_links":{"self":[{"href":"https:\/\/pecsivillamos.hu\/index.php\/wp-json\/wp\/v2\/posts\/182","targetHints":{"allow":["GET"]}}],"collection":[{"href":"https:\/\/pecsivillamos.hu\/index.php\/wp-json\/wp\/v2\/posts"}],"about":[{"href":"https:\/\/pecsivillamos.hu\/index.php\/wp-json\/wp\/v2\/types\/post"}],"author":[{"embeddable":true,"href":"https:\/\/pecsivillamos.hu\/index.php\/wp-json\/wp\/v2\/users\/2"}],"replies":[{"embeddable":true,"href":"https:\/\/pecsivillamos.hu\/index.php\/wp-json\/wp\/v2\/comments?post=182"}],"version-history":[{"count":1,"href":"https:\/\/pecsivillamos.hu\/index.php\/wp-json\/wp\/v2\/posts\/182\/revisions"}],"predecessor-version":[{"id":184,"href":"https:\/\/pecsivillamos.hu\/index.php\/wp-json\/wp\/v2\/posts\/182\/revisions\/184"}],"wp:attachment":[{"href":"https:\/\/pecsivillamos.hu\/index.php\/wp-json\/wp\/v2\/media?parent=182"}],"wp:term":[{"taxonomy":"category","embeddable":true,"href":"https:\/\/pecsivillamos.hu\/index.php\/wp-json\/wp\/v2\/categories?post=182"},{"taxonomy":"post_tag","embeddable":true,"href":"https:\/\/pecsivillamos.hu\/index.php\/wp-json\/wp\/v2\/tags?post=182"}],"curies":[{"name":"wp","href":"https:\/\/api.w.org\/{rel}","templated":true}]}}