{"id":179,"date":"2014-05-31T10:57:36","date_gmt":"2014-05-31T08:57:36","guid":{"rendered":"https:\/\/pecsivillamos.hu\/?p=179"},"modified":"2019-04-16T10:59:51","modified_gmt":"2019-04-16T08:59:51","slug":"8-megallo-2014-majus","status":"publish","type":"post","link":"https:\/\/pecsivillamos.hu\/index.php\/2014\/05\/31\/8-megallo-2014-majus\/","title":{"rendered":"8. meg\u00e1ll\u00f3: 2014. m\u00e1jus"},"content":{"rendered":"\n<p>M\u00e1jus 3-\u00e1n este a Novella ki\u00e1ll\u00edt\u00e1s z\u00e1r\u00e1sak\u00e9nt B\u00e1bics L\u00e1szl\u00f3 \u00e9s L\u00e1z\u00e1r M. Viktor irodalmi estj\u00e9n vehettek r\u00e9szt l\u00e1togat\u00f3ink. Az irodalmi esttel p\u00e1rhuzamosan ezen a napon ny\u00edlt meg leg\u00fajabb ki\u00e1ll\u00edt\u00e1sunk, mely P\u00e9cs \u00e9p\u00edtett \u00e9s term\u00e9szetes sz\u00e9ps\u00e9g\u00e9t mutatta be S\u00e1gi Tam\u00e1s fotogr\u00e1fus szem\u00e9vel.<\/p>\n\n\n\n<p>A ki\u00e1ll\u00edt\u00e1s m\u00e1jus 17-ig volt megtekinthet\u0151.<\/p>\n\n\n\n<p>M\u00e1jus h\u00f3napban \u00faj j\u00e1t\u00e9kokkal b\u0151v\u00fclt k\u00edn\u00e1latunk. Kicsik \u00e9s nagyok a P\u00e9cs v\u00e1ros k\u00f6z\u00f6ss\u00e9gi k\u00f6zleked\u00e9s\u00e9nek vonalt\u00e9rk\u00e9p\u00e9t rakhatj\u00e1k ki puzzle form\u00e1j\u00e1ban \u00edgy is k\u00f6zelebb hozva, jobban megismertetve a 2014. febru\u00e1rt\u00f3l \u00e9rv\u00e9nyes \u00faj fon\u00f3d\u00f3 h\u00e1l\u00f3zatot. A nagyobbak sz\u00e1m\u00e1ra pedig egy \u00faj logikai j\u00e1t\u00e9kkal is b\u0151v\u00fclt j\u00e1t\u00e9kaink sz\u00e1ma.&nbsp;<\/p>\n\n\n\n<p>M\u00e1jus utols\u00f3 vas\u00e1rnapja Gyermeknap. Ez alkalomb\u00f3l m\u00e1jus 24-\u00e9n d\u00e9lut\u00e1n tartottuk villamosunk zen\u00e9s gyermeknapj\u00e1t sok sok j\u00e1t\u00e9kkal, lufikkal, cukrokkal, meglepet\u00e9sekkel, \u00e9s aj\u00e1nd\u00e9kokkal. A j\u00e1t\u00e9kok mellett lehet\u0151s\u00e9g volt arcfest\u00e9sre \u00e9s b\u0151rb\u0151l k\u00e9sz\u00fclt kark\u00f6t\u0151k k\u00e9sz\u00edt\u00e9s\u00e9re is.<\/p>\n\n\n\n<p>M\u00e1jus utols\u00f3 h\u00e9tv\u00e9g\u00e9j\u00e9n ind\u00edtottuk el a\u00a0<a href=\"http:\/\/www.regi.pecsivillamos.hu\/\">www.regi.pecsivillamos.hu<\/a>\u00a0oldalunkat, melyen a p\u00e9csi villamosvas\u00fat t\u00f6rt\u00e9net\u00e9t mutatjuk be folytat\u00e1sos fejezetek form\u00e1j\u00e1ban, mint egy r\u00e9gi \u00fajs\u00e1g, minden h\u00e9ten kedden \u00e9s p\u00e9nteken jelenik meg a leg\u00fajabb cikk, \u00edgy \u00e9rdemes \u00fajra \u00e9s \u00fajra visszal\u00e1togatni oldalunkra.<\/p>\n\n\n\n<figure class=\"wp-block-image\"><img loading=\"lazy\" decoding=\"async\" width=\"960\" height=\"640\" src=\"https:\/\/pecsivillamos.hu\/wp-content\/uploads\/2019\/04\/2014m\u00e1jus.jpg\" alt=\"\" class=\"wp-image-180\" srcset=\"https:\/\/pecsivillamos.hu\/wp-content\/uploads\/2019\/04\/2014m\u00e1jus.jpg 960w, https:\/\/pecsivillamos.hu\/wp-content\/uploads\/2019\/04\/2014m\u00e1jus-450x300.jpg 450w, https:\/\/pecsivillamos.hu\/wp-content\/uploads\/2019\/04\/2014m\u00e1jus-300x200.jpg 300w, https:\/\/pecsivillamos.hu\/wp-content\/uploads\/2019\/04\/2014m\u00e1jus-768x512.jpg 768w\" sizes=\"auto, (max-width: 960px) 100vw, 960px\" \/><\/figure>\n","protected":false},"excerpt":{"rendered":"<p>M\u00e1jus 3-\u00e1n este a Novella ki\u00e1ll\u00edt\u00e1s z\u00e1r\u00e1sak\u00e9nt B\u00e1bics L\u00e1szl\u00f3 \u00e9s L\u00e1z\u00e1r M. Viktor irodalmi estj\u00e9n vehettek r\u00e9szt l\u00e1togat\u00f3ink. Az irodalmi esttel p\u00e1rhuzamosan ezen a napon ny\u00edlt meg leg\u00fajabb ki\u00e1ll\u00edt\u00e1sunk, mely P\u00e9cs \u00e9p\u00edtett \u00e9s term\u00e9szetes sz\u00e9ps\u00e9g\u00e9t mutatta be S\u00e1gi Tam\u00e1s fotogr\u00e1fus szem\u00e9vel. A ki\u00e1ll\u00edt\u00e1s m\u00e1jus 17-ig volt megtekinthet\u0151. M\u00e1jus h\u00f3napban \u00faj j\u00e1t\u00e9kokkal b\u0151v\u00fclt k\u00edn\u00e1latunk. Kicsik \u00e9s &hellip; <\/p>\n<p class=\"link-more\"><a href=\"https:\/\/pecsivillamos.hu\/index.php\/2014\/05\/31\/8-megallo-2014-majus\/\" class=\"more-link\"><span class=\"screen-reader-text\">&#8222;8. meg\u00e1ll\u00f3: 2014. m\u00e1jus&#8221;<\/span> b\u0151vebben<\/a><\/p>\n","protected":false},"author":2,"featured_media":0,"comment_status":"closed","ping_status":"closed","sticky":false,"template":"","format":"standard","meta":{"footnotes":""},"categories":[3],"tags":[],"class_list":["post-179","post","type-post","status-publish","format-standard","hentry","category-esemeny","entry"],"_links":{"self":[{"href":"https:\/\/pecsivillamos.hu\/index.php\/wp-json\/wp\/v2\/posts\/179","targetHints":{"allow":["GET"]}}],"collection":[{"href":"https:\/\/pecsivillamos.hu\/index.php\/wp-json\/wp\/v2\/posts"}],"about":[{"href":"https:\/\/pecsivillamos.hu\/index.php\/wp-json\/wp\/v2\/types\/post"}],"author":[{"embeddable":true,"href":"https:\/\/pecsivillamos.hu\/index.php\/wp-json\/wp\/v2\/users\/2"}],"replies":[{"embeddable":true,"href":"https:\/\/pecsivillamos.hu\/index.php\/wp-json\/wp\/v2\/comments?post=179"}],"version-history":[{"count":1,"href":"https:\/\/pecsivillamos.hu\/index.php\/wp-json\/wp\/v2\/posts\/179\/revisions"}],"predecessor-version":[{"id":181,"href":"https:\/\/pecsivillamos.hu\/index.php\/wp-json\/wp\/v2\/posts\/179\/revisions\/181"}],"wp:attachment":[{"href":"https:\/\/pecsivillamos.hu\/index.php\/wp-json\/wp\/v2\/media?parent=179"}],"wp:term":[{"taxonomy":"category","embeddable":true,"href":"https:\/\/pecsivillamos.hu\/index.php\/wp-json\/wp\/v2\/categories?post=179"},{"taxonomy":"post_tag","embeddable":true,"href":"https:\/\/pecsivillamos.hu\/index.php\/wp-json\/wp\/v2\/tags?post=179"}],"curies":[{"name":"wp","href":"https:\/\/api.w.org\/{rel}","templated":true}]}}