{"id":176,"date":"2014-04-30T10:51:56","date_gmt":"2014-04-30T08:51:56","guid":{"rendered":"https:\/\/pecsivillamos.hu\/?p=176"},"modified":"2019-06-01T22:15:07","modified_gmt":"2019-06-01T20:15:07","slug":"7-megallo-2014-aprilis-tavasz-koszonto","status":"publish","type":"post","link":"https:\/\/pecsivillamos.hu\/index.php\/2014\/04\/30\/7-megallo-2014-aprilis-tavasz-koszonto\/","title":{"rendered":"7. meg\u00e1ll\u00f3: 2014. \u00c1prilis \u2013 Tavasz k\u00f6sz\u00f6nt\u0151"},"content":{"rendered":"\n<p>A tavaszi d\u00edszbe \u00f6lt\u00f6z\u0151 villamos, vid\u00e1m, m\u00f3k\u00e1s programmal k\u00f6sz\u00f6nt\u00f6tte \u00e1prilist. Nem maradhattunk ki a viccel\u0151d\u00e9sb\u0151l, ennek jegy\u00e9ben egy villamosp\u00f3tl\u00f3 aut\u00f3buszt \u00e1ll\u00edtottunk ki a villamos mell\u00e9, technikai probl\u00e9m\u00e1ra hivatkozva a busszal lehetett \u201etov\u00e1bb utazni a villamos vonal\u00e1n\u201d a program el\u00e9rte c\u00e9j\u00e1t, mosolyt csalt az arra s\u00e9t\u00e1l\u00f3k arc\u00e1ra. Az aut\u00f3buszt a T\u00fcke Busz Zrt. bocs\u00e1totta rendelkez\u00e9s\u00fcnkre.<br>A kor\u00e1bban elkezdett zen\u00e9s programsorozat k\u00f6vetkez\u0151 \u00e1llom\u00e1sa \u00e1prilis 12-e volt, amikor egy tehets\u00e9ges fiatal, G\u00e1losi J. Kriszti\u00e1n mutatta be git\u00e1rtud\u00e1s\u00e1t, \u00e9s saj\u00e1t szerzem\u00e9nyeit a hallgat\u00f3s\u00e1gnak. Ez a nap volt a lead\u00e1si hat\u00e1rideje a meghirdetett F\u00f6ld napj\u00e1hoz kapcsol\u00f3d\u00f3 rajzverseny\u00fcnkre, melyre sz\u00e9p sz\u00e1mmal \u00e9rkeztek az \u00d3vod\u00e1s \u00e9s \u00c1ltal\u00e1nos Iskola als\u00f3 tagozatosok rajzai. A be\u00e9rkez\u00e9st k\u00f6vet\u0151en a rajzokr\u00f3l ki\u00e1ll\u00edt\u00e1st nyitottunk, szavazni pedig facebook oldalunkon lehetett az alkot\u00e1sokra. A Villamosban tov\u00e1bbi fejleszt\u00e9sek is t\u00f6rt\u00e9ntek, mindenki sz\u00e1m\u00e1ra el\u00e9rhet\u0151 ny\u00edlt wifi h\u00e1l\u00f3zatot alak\u00edtottunk ki, valamint m\u0171k\u00f6d\u00e9sbe l\u00e9pett az ir\u00e1nyjelz\u0151 f\u00e9ny is.&nbsp;<br>A H\u00fasv\u00e9tot megel\u0151z\u0151 h\u00e9ten kimondottan az \u00fcnnephez kapcsol\u00f3d\u00f3 j\u00e1t\u00e9kokkal, feladatokkal k\u00e9sz\u00fclt\u00fcnk a kisebbek sz\u00e1m\u00e1ra, toj\u00e1skeres\u00e9st\u0151l a h\u00fasv\u00e9ti szinez\u0151ig minden rendelkez\u00e9sre \u00e1llt, hogy j\u00f3l \u00e9rezz\u00e9k magukat a gyerekek. H\u00fasv\u00e9t el\u0151est\u00e9j\u00e9n, nagyszombaton, \u00e1prilis 19-\u00e9n a Neonpaletta M\u0171v\u00e9szell\u00e1t\u00f3 Web\u00e1ruh\u00e1znak k\u00f6sz\u00f6nhet\u0151en ny\u00edlt meg H\u00fasv\u00e9ti k\u00e9sz\u00fcl\u0151d\u0151 d\u00e9lut\u00e1nunk toj\u00e1sfest\u00e9ssel \u00e9s a toj\u00e1sfa feld\u00edsz\u00edt\u00e9s\u00e9vel. A sikerre val\u00f3 teikintettel H\u00fasv\u00e9t H\u00e9tf\u0151n is lehetett toj\u00e1st festeni, a gyerekeket pedig hajtogatott, sz\u00ednes pap\u00edrnyulakkal lept\u00fck meg.<br>\u00c1prilis 22. a F\u00f6ld napja. Ehhez kapcsol\u00f3d\u00f3an \u00e1prilis 26-\u00e1n d\u00e9lut\u00e1n rendezt\u00fck meg F\u00f6ld napi programunkat. Az IN \u2013 TO Green Kft. k\u00f6zrem\u0171k\u00f6d\u00e9s\u00e9vel b\u00e1rki megtekinthette hogyan n\u00e9znek ki \u00e9s hogy m\u0171k\u00f6dnek a napelemek, napkollektorok. A d\u00e9lut\u00e1n folyam\u00e1n ker\u00fclt sor rajzverseny\u00fcnk eredm\u00e9ny hirdet\u00e9s\u00e9re \u00e9s az aj\u00e1nd\u00e9kok kioszt\u00e1s\u00e1ra. Programunkat a Virraszt\u00f3 egy\u00fcttes leg\u00fajabb album\u00e1nak bemutat\u00e1sa, rajong\u00f3kkal val\u00f3 tal\u00e1lkoz\u00f3 \u00e9s az \u00faj albumok dedik\u00e1l\u00e1sa z\u00e1rta.<br>\u00c1prilis v\u00e9g\u00e9n a ki\u00e1ll\u00edt\u00e1sok sor\u00e1t folytatva egy \u00faj m\u0171v\u00e9szeti \u00e1g, az irodalom kedvel\u0151inek kedvezve B\u00e1bics L\u00e1szl\u00f3 \u00e9s L\u00e1z\u00e1r M. Viktor hozta el novell\u00e1it, melyeket b\u00e1rki elolvashat \u00e1prilis 26 \u00e9s m\u00e1jus 3-a k\u00f6z\u00f6tt.<\/p>\n\n\n\n<figure class=\"wp-block-image\"><img loading=\"lazy\" decoding=\"async\" width=\"1024\" height=\"378\" src=\"https:\/\/pecsivillamos.hu\/wp-content\/uploads\/2019\/04\/2014\u00e1prilis-1024x378.jpg\" alt=\"\" class=\"wp-image-177\" srcset=\"https:\/\/pecsivillamos.hu\/wp-content\/uploads\/2019\/04\/2014\u00e1prilis-1024x378.jpg 1024w, https:\/\/pecsivillamos.hu\/wp-content\/uploads\/2019\/04\/2014\u00e1prilis-450x166.jpg 450w, https:\/\/pecsivillamos.hu\/wp-content\/uploads\/2019\/04\/2014\u00e1prilis-300x111.jpg 300w, https:\/\/pecsivillamos.hu\/wp-content\/uploads\/2019\/04\/2014\u00e1prilis-768x284.jpg 768w, https:\/\/pecsivillamos.hu\/wp-content\/uploads\/2019\/04\/2014\u00e1prilis-1568x579.jpg 1568w\" sizes=\"auto, (max-width: 1024px) 100vw, 1024px\" \/><\/figure>\n","protected":false},"excerpt":{"rendered":"<p>A tavaszi d\u00edszbe \u00f6lt\u00f6z\u0151 villamos, vid\u00e1m, m\u00f3k\u00e1s programmal k\u00f6sz\u00f6nt\u00f6tte \u00e1prilist. Nem maradhattunk ki a viccel\u0151d\u00e9sb\u0151l, ennek jegy\u00e9ben egy villamosp\u00f3tl\u00f3 aut\u00f3buszt \u00e1ll\u00edtottunk ki a villamos mell\u00e9, technikai probl\u00e9m\u00e1ra hivatkozva a busszal lehetett \u201etov\u00e1bb utazni a villamos vonal\u00e1n\u201d a program el\u00e9rte c\u00e9j\u00e1t, mosolyt csalt az arra s\u00e9t\u00e1l\u00f3k arc\u00e1ra. Az aut\u00f3buszt a T\u00fcke Busz Zrt. bocs\u00e1totta rendelkez\u00e9s\u00fcnkre.A kor\u00e1bban &hellip; <\/p>\n<p class=\"link-more\"><a href=\"https:\/\/pecsivillamos.hu\/index.php\/2014\/04\/30\/7-megallo-2014-aprilis-tavasz-koszonto\/\" class=\"more-link\"><span class=\"screen-reader-text\">&#8222;7. meg\u00e1ll\u00f3: 2014. \u00c1prilis \u2013 Tavasz k\u00f6sz\u00f6nt\u0151&#8221;<\/span> b\u0151vebben<\/a><\/p>\n","protected":false},"author":2,"featured_media":351,"comment_status":"closed","ping_status":"closed","sticky":false,"template":"","format":"standard","meta":{"footnotes":""},"categories":[3],"tags":[],"class_list":["post-176","post","type-post","status-publish","format-standard","has-post-thumbnail","hentry","category-esemeny","entry"],"_links":{"self":[{"href":"https:\/\/pecsivillamos.hu\/index.php\/wp-json\/wp\/v2\/posts\/176","targetHints":{"allow":["GET"]}}],"collection":[{"href":"https:\/\/pecsivillamos.hu\/index.php\/wp-json\/wp\/v2\/posts"}],"about":[{"href":"https:\/\/pecsivillamos.hu\/index.php\/wp-json\/wp\/v2\/types\/post"}],"author":[{"embeddable":true,"href":"https:\/\/pecsivillamos.hu\/index.php\/wp-json\/wp\/v2\/users\/2"}],"replies":[{"embeddable":true,"href":"https:\/\/pecsivillamos.hu\/index.php\/wp-json\/wp\/v2\/comments?post=176"}],"version-history":[{"count":2,"href":"https:\/\/pecsivillamos.hu\/index.php\/wp-json\/wp\/v2\/posts\/176\/revisions"}],"predecessor-version":[{"id":352,"href":"https:\/\/pecsivillamos.hu\/index.php\/wp-json\/wp\/v2\/posts\/176\/revisions\/352"}],"wp:featuredmedia":[{"embeddable":true,"href":"https:\/\/pecsivillamos.hu\/index.php\/wp-json\/wp\/v2\/media\/351"}],"wp:attachment":[{"href":"https:\/\/pecsivillamos.hu\/index.php\/wp-json\/wp\/v2\/media?parent=176"}],"wp:term":[{"taxonomy":"category","embeddable":true,"href":"https:\/\/pecsivillamos.hu\/index.php\/wp-json\/wp\/v2\/categories?post=176"},{"taxonomy":"post_tag","embeddable":true,"href":"https:\/\/pecsivillamos.hu\/index.php\/wp-json\/wp\/v2\/tags?post=176"}],"curies":[{"name":"wp","href":"https:\/\/api.w.org\/{rel}","templated":true}]}}