{"id":173,"date":"2014-03-31T10:44:33","date_gmt":"2014-03-31T08:44:33","guid":{"rendered":"https:\/\/pecsivillamos.hu\/?p=173"},"modified":"2019-04-16T10:50:42","modified_gmt":"2019-04-16T08:50:42","slug":"6-megallo-2014-marcius-villamos-ujratoltve","status":"publish","type":"post","link":"https:\/\/pecsivillamos.hu\/index.php\/2014\/03\/31\/6-megallo-2014-marcius-villamos-ujratoltve\/","title":{"rendered":"6. meg\u00e1ll\u00f3: 2014. M\u00e1rcius \u2013 Villamos \u00fajrat\u00f6ltve"},"content":{"rendered":"\n<p> M\u00e1rciusban, a j\u00f3 id\u0151 bek\u00f6sz\u00f6nt\u00e9vel Villamosunk is meg\u00fajult. Hosszabb nyitvatart\u00e1ssal \u00e9s \u00fajabb sz\u00ednes programokkal v\u00e1rtuk az \u00e9rdekl\u0151d\u0151ket, nosztalgi\u00e1z\u00f3kat, l\u00e1togat\u00f3kat.<br>M\u00e1rcius 8-\u00e1n N\u0151nap alkalm\u00e1b\u00f3l sz\u00ednes, saj\u00e1t kez\u0171leg k\u00e9sz\u00edtett, hajtogatott vir\u00e1gokkal lept\u00fck meg a Villamosba \u00e9rkez\u0151 H\u00f6lgyeket.\u00a0<br>M\u00e1rcius 15-\u00e9n Nemzeti \u00dcnnep\u00fcnk alkalm\u00e1b\u00f3l t\u00f6rt\u00e9nelmi j\u00e1tsz\u00f3h\u00e1zat var\u00e1zsoltunk a Villamosba. Leb\u00e9dy J\u00e1nos k\u00e9zzel k\u00e9sz\u00edtett faj\u00e1t\u00e9kait, husz\u00e1rait, lovasait lehetett megcsod\u00e1lni, de nem csak megcsod\u00e1lni hanem j\u00e1tszani is lehetett vel\u00fck, \u00e9s amelyik igaz\u00e1n megtetszett azokat haza is lehetett vinni. M\u00edg a kisebbek j\u00e1tszottak, az iskol\u00e1sok, feln\u0151ttek megtekinthett\u00e9k ki\u00e1ll\u00edt\u00e1sunkat az 1848. m\u00e1rcius 15-ei esem\u00e9nyekr\u0151l. A ki\u00e1ll\u00edt\u00e1s egy hete alatt \u00f3vod\u00e1sok \u00e9s iskol\u00e1s csoportok is b\u0151vebb ismereteket szerezhettek a m\u00e1rciusi ifjakr\u00f3l.\u00a0<br>M\u00e1rcius 16-t\u00f3l m\u00e1ris egy \u00faj ki\u00e1ll\u00edt\u00e1s vette kezdet\u00e9t M\u00e1rcius 22. a V\u00edz napj\u00e1hoz kapcsol\u00f3d\u00f3an. A ki\u00e1ll\u00edt\u00e1s c\u00e9lja, hogy felh\u00edvja a figyelmet a v\u00edz fontoss\u00e1g\u00e1ra, v\u00e9delm\u00e9re. A vil\u00e1gnapon \u00e9l\u0151k\u00e9pek form\u00e1j\u00e1ban mutattuk be a v\u00edz k\u00f6rforg\u00e1s\u00e1t, \u00e9s a farsangi nagy siker ut\u00e1n ism\u00e9telten lehet\u0151s\u00e9get biztos\u00edtottunk az arc \u00e9s k\u00e9zfest\u00e9sre.<br>A h\u00f3nap utols\u00f3 szombatj\u00e1n a tavaszt k\u00f6sz\u00f6nt\u00f6tt\u00fck. \u00dajra vend\u00e9g\u00fcl l\u00e1ttuk a P\u00e9csi Origami K\u00f6r alkot\u00f3it, akik a gyerekek k\u00f6zrem\u0171k\u00f6d\u00e9s\u00e9vel vir\u00e1gokat, pillang\u00f3kat, halakat hajtogatva \u00f6lt\u00f6ztett\u00e9k tavaszi d\u00edszekbe a villamost. Ezen a napon hirdett\u00fck meg F\u00f6ld napj\u00e1hoz tartoz\u00f3 rajzverseny\u00fcnket is \u00f3vod\u00e1sok \u00e9s \u00e1ltal\u00e1nos iskol\u00e1sok sz\u00e1m\u00e1ra. <\/p>\n\n\n\n<figure class=\"wp-block-image\"><img loading=\"lazy\" decoding=\"async\" width=\"851\" height=\"315\" src=\"https:\/\/pecsivillamos.hu\/wp-content\/uploads\/2019\/04\/2014-m\u00e1rcius.jpg\" alt=\"\" class=\"wp-image-174\" srcset=\"https:\/\/pecsivillamos.hu\/wp-content\/uploads\/2019\/04\/2014-m\u00e1rcius.jpg 851w, https:\/\/pecsivillamos.hu\/wp-content\/uploads\/2019\/04\/2014-m\u00e1rcius-450x167.jpg 450w, https:\/\/pecsivillamos.hu\/wp-content\/uploads\/2019\/04\/2014-m\u00e1rcius-300x111.jpg 300w, https:\/\/pecsivillamos.hu\/wp-content\/uploads\/2019\/04\/2014-m\u00e1rcius-768x284.jpg 768w\" sizes=\"auto, (max-width: 851px) 100vw, 851px\" \/><\/figure>\n","protected":false},"excerpt":{"rendered":"<p>M\u00e1rciusban, a j\u00f3 id\u0151 bek\u00f6sz\u00f6nt\u00e9vel Villamosunk is meg\u00fajult. Hosszabb nyitvatart\u00e1ssal \u00e9s \u00fajabb sz\u00ednes programokkal v\u00e1rtuk az \u00e9rdekl\u0151d\u0151ket, nosztalgi\u00e1z\u00f3kat, l\u00e1togat\u00f3kat.M\u00e1rcius 8-\u00e1n N\u0151nap alkalm\u00e1b\u00f3l sz\u00ednes, saj\u00e1t kez\u0171leg k\u00e9sz\u00edtett, hajtogatott vir\u00e1gokkal lept\u00fck meg a Villamosba \u00e9rkez\u0151 H\u00f6lgyeket.\u00a0M\u00e1rcius 15-\u00e9n Nemzeti \u00dcnnep\u00fcnk alkalm\u00e1b\u00f3l t\u00f6rt\u00e9nelmi j\u00e1tsz\u00f3h\u00e1zat var\u00e1zsoltunk a Villamosba. Leb\u00e9dy J\u00e1nos k\u00e9zzel k\u00e9sz\u00edtett faj\u00e1t\u00e9kait, husz\u00e1rait, lovasait lehetett megcsod\u00e1lni, de nem csak &hellip; <\/p>\n<p class=\"link-more\"><a href=\"https:\/\/pecsivillamos.hu\/index.php\/2014\/03\/31\/6-megallo-2014-marcius-villamos-ujratoltve\/\" class=\"more-link\"><span class=\"screen-reader-text\">&#8222;6. meg\u00e1ll\u00f3: 2014. M\u00e1rcius \u2013 Villamos \u00fajrat\u00f6ltve&#8221;<\/span> b\u0151vebben<\/a><\/p>\n","protected":false},"author":2,"featured_media":0,"comment_status":"closed","ping_status":"closed","sticky":false,"template":"","format":"standard","meta":{"footnotes":""},"categories":[3],"tags":[],"class_list":["post-173","post","type-post","status-publish","format-standard","hentry","category-esemeny","entry"],"_links":{"self":[{"href":"https:\/\/pecsivillamos.hu\/index.php\/wp-json\/wp\/v2\/posts\/173","targetHints":{"allow":["GET"]}}],"collection":[{"href":"https:\/\/pecsivillamos.hu\/index.php\/wp-json\/wp\/v2\/posts"}],"about":[{"href":"https:\/\/pecsivillamos.hu\/index.php\/wp-json\/wp\/v2\/types\/post"}],"author":[{"embeddable":true,"href":"https:\/\/pecsivillamos.hu\/index.php\/wp-json\/wp\/v2\/users\/2"}],"replies":[{"embeddable":true,"href":"https:\/\/pecsivillamos.hu\/index.php\/wp-json\/wp\/v2\/comments?post=173"}],"version-history":[{"count":1,"href":"https:\/\/pecsivillamos.hu\/index.php\/wp-json\/wp\/v2\/posts\/173\/revisions"}],"predecessor-version":[{"id":175,"href":"https:\/\/pecsivillamos.hu\/index.php\/wp-json\/wp\/v2\/posts\/173\/revisions\/175"}],"wp:attachment":[{"href":"https:\/\/pecsivillamos.hu\/index.php\/wp-json\/wp\/v2\/media?parent=173"}],"wp:term":[{"taxonomy":"category","embeddable":true,"href":"https:\/\/pecsivillamos.hu\/index.php\/wp-json\/wp\/v2\/categories?post=173"},{"taxonomy":"post_tag","embeddable":true,"href":"https:\/\/pecsivillamos.hu\/index.php\/wp-json\/wp\/v2\/tags?post=173"}],"curies":[{"name":"wp","href":"https:\/\/api.w.org\/{rel}","templated":true}]}}