{"id":170,"date":"2014-02-28T10:20:42","date_gmt":"2014-02-28T09:20:42","guid":{"rendered":"https:\/\/pecsivillamos.hu\/?p=170"},"modified":"2019-04-16T10:29:07","modified_gmt":"2019-04-16T08:29:07","slug":"5-megallo-2014-februar-karnevali-hangulatban","status":"publish","type":"post","link":"https:\/\/pecsivillamos.hu\/index.php\/2014\/02\/28\/5-megallo-2014-februar-karnevali-hangulatban\/","title":{"rendered":"5. meg\u00e1ll\u00f3: 2014. Febru\u00e1r \u2013 Karnev\u00e1li hangulatban"},"content":{"rendered":"\n<p> V\u00edzkeresztt\u0151l Hamvaz\u00f3szerd\u00e1ig a vil\u00e1g a farsangt\u00f3l hangos. Nem lehetett ez m\u00e1shogy a Villamosban sem. Febru\u00e1r 8-\u00e1n d\u00e9lut\u00e1n Gyermek farsangot szervezt\u00fcnk, \u00e1larc k\u00e9sz\u00edt\u00e9ssel, k\u00e9zm\u0171vesked\u00e9ssel, arc \u00e9s k\u00e9szfest\u00e9ssel. A nagy kedvenc az arcokra festett \u00e1larcok voltak, melyhez a fest\u00e9keket a Neonpaletta M\u0171v\u00e9szell\u00e1t\u00f3 Web\u00e1ruh\u00e1z aj\u00e1nlotta fel. A k\u00f6vetkez\u0151 h\u00e9t \u00e9s h\u00e9tv\u00e9ge m\u00e1r a Valent\u00edn naphoz kapcsol\u00f3d\u00f3an a nagyobbaknak \u00e9s feln\u0151tteknek sz\u00f3lt. Febru\u00e1r 14-\u00e9n Valent\u00edn napon a m\u00e9g p\u00e1rjukat keres\u0151knek szervezt\u00fck ismerked\u0151 d\u00e9lut\u00e1nt a gyorsrandi szab\u00e1lyainak megfelel\u0151en. Megk\u00f6nny\u00edtve a t\u00e1rsalg\u00e1s elind\u00edt\u00e1s\u00e1t, k\u00fcl\u00f6nb\u00f6z\u0151 j\u00e1t\u00e9kokat \u00e9s feladv\u00e1nyokat is kital\u00e1ltunk, hogy k\u00f6tetlen, j\u00e1t\u00e9kos form\u00e1ban min\u00e9l jobban megismerkedhessenek a m\u00e9g t\u00e1rstalanok. A j\u00e1t\u00e9kok a fiatalok sz\u00e1m\u00e1ra annyira megtetszettek, hogy az\u00f3ta is el\u00e9rhet\u0151ek a villamosban, ak\u00e1r egy\u00e9nileg, de p\u00e1rban is j\u00f3 \u00f6nismerefejleszt\u0151 perceket k\u00edn\u00e1lva. M\u00e1snap, febru\u00e1r 15-\u00e9n m\u00e1r megl\u00e9v\u0151 p\u00e1roknak szervezt\u00fcnk vid\u00e1m p\u00e1rvet\u00e9lked\u0151t. A j\u00e1t\u00e9k j\u00f3 hangulatban telt, \u00e9s kider\u00fclt, hogy a vet\u00e9lked\u0151re jelentkez\u0151 p\u00e1rok mennyire ismerik, vagy pont ellenkez\u0151leg mennyire nem ismerik m\u00e9g egym\u00e1st. <\/p>\n\n\n\n<figure class=\"wp-block-image\"><img loading=\"lazy\" decoding=\"async\" width=\"1000\" height=\"662\" src=\"https:\/\/pecsivillamos.hu\/wp-content\/uploads\/2019\/04\/febru\u00e1r.jpg\" alt=\"\" class=\"wp-image-171\" srcset=\"https:\/\/pecsivillamos.hu\/wp-content\/uploads\/2019\/04\/febru\u00e1r.jpg 1000w, https:\/\/pecsivillamos.hu\/wp-content\/uploads\/2019\/04\/febru\u00e1r-450x298.jpg 450w, https:\/\/pecsivillamos.hu\/wp-content\/uploads\/2019\/04\/febru\u00e1r-300x199.jpg 300w, https:\/\/pecsivillamos.hu\/wp-content\/uploads\/2019\/04\/febru\u00e1r-768x508.jpg 768w\" sizes=\"auto, (max-width: 1000px) 100vw, 1000px\" \/><figcaption> <br>(fot\u00f3: Kiefer B\u00e9la) <\/figcaption><\/figure>\n","protected":false},"excerpt":{"rendered":"<p>V\u00edzkeresztt\u0151l Hamvaz\u00f3szerd\u00e1ig a vil\u00e1g a farsangt\u00f3l hangos. Nem lehetett ez m\u00e1shogy a Villamosban sem. Febru\u00e1r 8-\u00e1n d\u00e9lut\u00e1n Gyermek farsangot szervezt\u00fcnk, \u00e1larc k\u00e9sz\u00edt\u00e9ssel, k\u00e9zm\u0171vesked\u00e9ssel, arc \u00e9s k\u00e9szfest\u00e9ssel. A nagy kedvenc az arcokra festett \u00e1larcok voltak, melyhez a fest\u00e9keket a Neonpaletta M\u0171v\u00e9szell\u00e1t\u00f3 Web\u00e1ruh\u00e1z aj\u00e1nlotta fel. A k\u00f6vetkez\u0151 h\u00e9t \u00e9s h\u00e9tv\u00e9ge m\u00e1r a Valent\u00edn naphoz kapcsol\u00f3d\u00f3an a nagyobbaknak &hellip; <\/p>\n<p class=\"link-more\"><a href=\"https:\/\/pecsivillamos.hu\/index.php\/2014\/02\/28\/5-megallo-2014-februar-karnevali-hangulatban\/\" class=\"more-link\"><span class=\"screen-reader-text\">&#8222;5. meg\u00e1ll\u00f3: 2014. Febru\u00e1r \u2013 Karnev\u00e1li hangulatban&#8221;<\/span> b\u0151vebben<\/a><\/p>\n","protected":false},"author":2,"featured_media":0,"comment_status":"closed","ping_status":"closed","sticky":false,"template":"","format":"standard","meta":{"footnotes":""},"categories":[3],"tags":[],"class_list":["post-170","post","type-post","status-publish","format-standard","hentry","category-esemeny","entry"],"_links":{"self":[{"href":"https:\/\/pecsivillamos.hu\/index.php\/wp-json\/wp\/v2\/posts\/170","targetHints":{"allow":["GET"]}}],"collection":[{"href":"https:\/\/pecsivillamos.hu\/index.php\/wp-json\/wp\/v2\/posts"}],"about":[{"href":"https:\/\/pecsivillamos.hu\/index.php\/wp-json\/wp\/v2\/types\/post"}],"author":[{"embeddable":true,"href":"https:\/\/pecsivillamos.hu\/index.php\/wp-json\/wp\/v2\/users\/2"}],"replies":[{"embeddable":true,"href":"https:\/\/pecsivillamos.hu\/index.php\/wp-json\/wp\/v2\/comments?post=170"}],"version-history":[{"count":1,"href":"https:\/\/pecsivillamos.hu\/index.php\/wp-json\/wp\/v2\/posts\/170\/revisions"}],"predecessor-version":[{"id":172,"href":"https:\/\/pecsivillamos.hu\/index.php\/wp-json\/wp\/v2\/posts\/170\/revisions\/172"}],"wp:attachment":[{"href":"https:\/\/pecsivillamos.hu\/index.php\/wp-json\/wp\/v2\/media?parent=170"}],"wp:term":[{"taxonomy":"category","embeddable":true,"href":"https:\/\/pecsivillamos.hu\/index.php\/wp-json\/wp\/v2\/categories?post=170"},{"taxonomy":"post_tag","embeddable":true,"href":"https:\/\/pecsivillamos.hu\/index.php\/wp-json\/wp\/v2\/tags?post=170"}],"curies":[{"name":"wp","href":"https:\/\/api.w.org\/{rel}","templated":true}]}}