{"id":164,"date":"2014-01-31T10:07:23","date_gmt":"2014-01-31T09:07:23","guid":{"rendered":"https:\/\/pecsivillamos.hu\/?p=164"},"modified":"2019-04-16T10:20:18","modified_gmt":"2019-04-16T08:20:18","slug":"4-megallo-2014-januar-csendes-szemlelodes","status":"publish","type":"post","link":"https:\/\/pecsivillamos.hu\/index.php\/2014\/01\/31\/4-megallo-2014-januar-csendes-szemlelodes\/","title":{"rendered":"4. meg\u00e1ll\u00f3: 2014. Janu\u00e1r \u2013 Csendes szeml\u00e9l\u0151d\u00e9s"},"content":{"rendered":"\n<p> Janu\u00e1rban \u00fajabb ki\u00e1ll\u00edt\u00e1s k\u00f6lt\u00f6z\u00f6tt a Villamosba, folytatva a kor\u00e1bban megkezdett m\u0171v\u00e9szp\u00e1rtol\u00f3 tev\u00e9kenys\u00e9get, melynek sor\u00e1n m\u00e1r t\u00f6bb m\u0171v\u00e9szeti \u00e1g is bemutatkozhatott. Juh\u00e1sz Dorina V\u00e9d\u0151burok c. ki\u00e1ll\u00edt\u00e1s\u00e1t tekinthette meg a nagy\u00e9rdem\u0171 janu\u00e1r 2 \u00e9s 12-e k\u00f6z\u00f6tt. Egyes\u00fclet\u00fcnk a V\u00e1ros K\u00f6z\u00f6ss\u00e9gi K\u00f6zleked\u00e9s\u00e9t \u00fczemeltet\u0151 T\u00fcke Busz Zrt-vel egy\u00fcttm\u0171k\u00f6dve t\u00f6bb l\u00e9pcs\u0151ben fejlesztette, \u00e1talak\u00edtotta a v\u00e1rosi buszmenetrendet, melyne leg\u00fajabb \u00e9s legnagyobb volumen\u0171 v\u00e1ltoz\u00e1s\u00e1ra 2014. febru\u00e1r 1-j\u00e9n ker\u00fclt sor. Hogy az utasok min\u00e9l r\u00e9szletesebben megismerhess\u00e9k a menetrendet \u00e9s elmondhass\u00e1k v\u00e9lem\u00e9ny\u00fcket a v\u00e1llalattal egy\u00fcttm\u0171k\u00f6dve Villamosunk \u00fcgyf\u00e9lszolg\u00e1lati pontk\u00e9nt m\u0171k\u00f6d\u00f6tt janu\u00e1r 22. \u00e9s 31-e k\u00f6z\u00f6tt. Nagym\u00e9ret\u0171 t\u00e9rk\u00e9peken ismerkedhettek meg az \u00faj vonalakkal k\u00e9rhettek felvil\u00e1gos\u00edt\u00e1st az \u00faj menetrenddel kapcsolatban, \u00e9s folyamatosan hangos t\u00e1j\u00e9koztat\u00f3t adtunk az utc\u00e1n elhalad\u00f3k sz\u00e1m\u00e1ra is, hogy min\u00e9l t\u00f6bben \u00e9rtes\u00fclhessenek a k\u00f6z\u00f6ss\u00e9gi k\u00f6zleked\u00e9s v\u00e1ltoz\u00e1sair\u00f3l. <\/p>\n\n\n\n<figure class=\"wp-block-image\"><img loading=\"lazy\" decoding=\"async\" width=\"907\" height=\"960\" src=\"https:\/\/pecsivillamos.hu\/wp-content\/uploads\/2019\/04\/janu\u00e1r1.jpg\" alt=\"\" class=\"wp-image-165\" srcset=\"https:\/\/pecsivillamos.hu\/wp-content\/uploads\/2019\/04\/janu\u00e1r1.jpg 907w, https:\/\/pecsivillamos.hu\/wp-content\/uploads\/2019\/04\/janu\u00e1r1-450x476.jpg 450w, https:\/\/pecsivillamos.hu\/wp-content\/uploads\/2019\/04\/janu\u00e1r1-283x300.jpg 283w, https:\/\/pecsivillamos.hu\/wp-content\/uploads\/2019\/04\/janu\u00e1r1-768x813.jpg 768w\" sizes=\"auto, (max-width: 907px) 100vw, 907px\" \/><\/figure>\n\n\n\n<figure class=\"wp-block-image\"><img loading=\"lazy\" decoding=\"async\" width=\"850\" height=\"603\" src=\"https:\/\/pecsivillamos.hu\/wp-content\/uploads\/2019\/04\/janu\u00e1r2.png\" alt=\"\" class=\"wp-image-168\" srcset=\"https:\/\/pecsivillamos.hu\/wp-content\/uploads\/2019\/04\/janu\u00e1r2.png 850w, https:\/\/pecsivillamos.hu\/wp-content\/uploads\/2019\/04\/janu\u00e1r2-450x319.png 450w, https:\/\/pecsivillamos.hu\/wp-content\/uploads\/2019\/04\/janu\u00e1r2-300x213.png 300w, https:\/\/pecsivillamos.hu\/wp-content\/uploads\/2019\/04\/janu\u00e1r2-768x545.png 768w\" sizes=\"auto, (max-width: 850px) 100vw, 850px\" \/><\/figure>\n","protected":false},"excerpt":{"rendered":"<p>Janu\u00e1rban \u00fajabb ki\u00e1ll\u00edt\u00e1s k\u00f6lt\u00f6z\u00f6tt a Villamosba, folytatva a kor\u00e1bban megkezdett m\u0171v\u00e9szp\u00e1rtol\u00f3 tev\u00e9kenys\u00e9get, melynek sor\u00e1n m\u00e1r t\u00f6bb m\u0171v\u00e9szeti \u00e1g is bemutatkozhatott. Juh\u00e1sz Dorina V\u00e9d\u0151burok c. ki\u00e1ll\u00edt\u00e1s\u00e1t tekinthette meg a nagy\u00e9rdem\u0171 janu\u00e1r 2 \u00e9s 12-e k\u00f6z\u00f6tt. Egyes\u00fclet\u00fcnk a V\u00e1ros K\u00f6z\u00f6ss\u00e9gi K\u00f6zleked\u00e9s\u00e9t \u00fczemeltet\u0151 T\u00fcke Busz Zrt-vel egy\u00fcttm\u0171k\u00f6dve t\u00f6bb l\u00e9pcs\u0151ben fejlesztette, \u00e1talak\u00edtotta a v\u00e1rosi buszmenetrendet, melyne leg\u00fajabb \u00e9s legnagyobb &hellip; <\/p>\n<p class=\"link-more\"><a href=\"https:\/\/pecsivillamos.hu\/index.php\/2014\/01\/31\/4-megallo-2014-januar-csendes-szemlelodes\/\" class=\"more-link\"><span class=\"screen-reader-text\">&#8222;4. meg\u00e1ll\u00f3: 2014. Janu\u00e1r \u2013 Csendes szeml\u00e9l\u0151d\u00e9s&#8221;<\/span> b\u0151vebben<\/a><\/p>\n","protected":false},"author":2,"featured_media":0,"comment_status":"closed","ping_status":"closed","sticky":false,"template":"","format":"standard","meta":{"footnotes":""},"categories":[3],"tags":[],"class_list":["post-164","post","type-post","status-publish","format-standard","hentry","category-esemeny","entry"],"_links":{"self":[{"href":"https:\/\/pecsivillamos.hu\/index.php\/wp-json\/wp\/v2\/posts\/164","targetHints":{"allow":["GET"]}}],"collection":[{"href":"https:\/\/pecsivillamos.hu\/index.php\/wp-json\/wp\/v2\/posts"}],"about":[{"href":"https:\/\/pecsivillamos.hu\/index.php\/wp-json\/wp\/v2\/types\/post"}],"author":[{"embeddable":true,"href":"https:\/\/pecsivillamos.hu\/index.php\/wp-json\/wp\/v2\/users\/2"}],"replies":[{"embeddable":true,"href":"https:\/\/pecsivillamos.hu\/index.php\/wp-json\/wp\/v2\/comments?post=164"}],"version-history":[{"count":2,"href":"https:\/\/pecsivillamos.hu\/index.php\/wp-json\/wp\/v2\/posts\/164\/revisions"}],"predecessor-version":[{"id":169,"href":"https:\/\/pecsivillamos.hu\/index.php\/wp-json\/wp\/v2\/posts\/164\/revisions\/169"}],"wp:attachment":[{"href":"https:\/\/pecsivillamos.hu\/index.php\/wp-json\/wp\/v2\/media?parent=164"}],"wp:term":[{"taxonomy":"category","embeddable":true,"href":"https:\/\/pecsivillamos.hu\/index.php\/wp-json\/wp\/v2\/categories?post=164"},{"taxonomy":"post_tag","embeddable":true,"href":"https:\/\/pecsivillamos.hu\/index.php\/wp-json\/wp\/v2\/tags?post=164"}],"curies":[{"name":"wp","href":"https:\/\/api.w.org\/{rel}","templated":true}]}}