{"id":161,"date":"2013-12-31T10:03:46","date_gmt":"2013-12-31T09:03:46","guid":{"rendered":"https:\/\/pecsivillamos.hu\/?p=161"},"modified":"2019-04-16T10:06:47","modified_gmt":"2019-04-16T08:06:47","slug":"3-megallo-2013-december-karacsonyi-keszulodes-advent-es-mikulas-het-a-villamosban","status":"publish","type":"post","link":"https:\/\/pecsivillamos.hu\/index.php\/2013\/12\/31\/3-megallo-2013-december-karacsonyi-keszulodes-advent-es-mikulas-het-a-villamosban\/","title":{"rendered":"3. meg\u00e1ll\u00f3 2013. December \u2013 Kar\u00e1csonyi k\u00e9sz\u00fcl\u0151d\u00e9s, Advent \u00e9s Mikul\u00e1s h\u00e9t a Villamosban."},"content":{"rendered":"\n<p><strong>2013. December 1 \u2013 24.<\/strong><\/p>\n\n\n\n<p>Advent bek\u00f6sz\u00f6nt\u00e9vel mi is elkezdt\u00fcnk k\u00e9sz\u00fcl\u0151dni Kar\u00e1csonyra. Villamosunkat sz\u00ednes \u00e9g\u0151sorokkal d\u00edsz\u00edtett\u00fck fel, melyek minden nap kora d\u00e9lut\u00e1nt\u00f3l k\u00e9s\u0151 estig jelezt\u00e9k az \u00dcnnep k\u00f6zeledt\u00e9t, tov\u00e1bb sz\u00ednes\u00edtve az utca k\u00e9pet \u00e9s Villamosunkat.<br>Nem csak a f\u00e9nysugarak, de sz\u00ednes, v\u00e1ltozatos programjainkkal is igyekezt\u00fcnk feldobni a k\u00e9sz\u00fcl\u0151d\u00e9st p\u00e1r pihentet\u0151 percet k\u00edn\u00e1lni az \u00fcnnepi forgatagban.\u00a0<br>Minden d\u00e9lut\u00e1n adventi ablaknyit\u00e1ssal \u00e9s mesesarokkal v\u00e1rtuk a kisebbeket \u00e9s nagyobbakat, melynek sor\u00e1n t\u00f6bbek k\u00f6z\u00f6tt megismerhett\u00e9k az adventi koszor\u00fa, Szent M\u00e1rton \u00e9s Szent Mikl\u00f3s t\u00f6rt\u00e9net\u00e9t is.\u00a0<br>December 2 \u00e9s 7. k\u00f6z\u00f6tt rendezt\u00fck meg a Mikul\u00e1s hetet. Ezen a h\u00e9ten, k\u00fcl\u00f6nleges Mikul\u00e1shoz tartoz\u00f3 j\u00e1t\u00e9kokkal j\u00e1tszhattak a gyerekek. December 5-\u00e9n Nagy Band\u00f3 Andr\u00e1s verseib\u0151l v\u00e1logatott \u00e9s mes\u00e9lt a megjelenteknek. December 6-\u00e1n sok teend\u0151je k\u00f6zepette nem feledkezett meg a Mikul\u00e1s a villamosba \u00e9rkez\u0151 gyerekekr\u0151l sem. P\u00e1r \u00f3r\u00e1t n\u00e1lunk t\u00f6lt\u00f6tt, aj\u00e1nd\u00e9kot adott a gyerekeknek, de volt olyan kisgyermek is, aki a Mikul\u00e1st aj\u00e1nd\u00e9kozta meg.\u00a0<br>December 19-\u00e9n d\u00e9lut\u00e1n a P\u00e9csi Origami K\u00f6r k\u00f6zrem\u0171k\u00f6d\u00e9s\u00e9vel kar\u00e1csonyi d\u00edszek hajtogat\u00e1s\u00e1val ismerkedhettek meg a gyerekek, \u00e9s a d\u00edszkivil\u00e1g\u00edt\u00e1st kieg\u00e9sz\u00edtve Villamosunk tov\u00e1bbi \u00fcnnepi d\u00edszbe \u00f6lt\u00f6z\u00f6tt az elk\u00e9sz\u00edtett origamik felhaszn\u00e1l\u00e1s\u00e1val. A program r\u00e9szek\u00e9nt a Belv\u00e1rosi \u00c1ltal\u00e1nos Iskola Vill\u00e1mcs\u0151d\u00fcletek\u00e9nt zen\u00e9s \u2013 t\u00e1ncos produkci\u00f3t adtak el\u0151 a Villamos el\u0151tt a Ferencesek utc\u00e1j\u00e1ban. A k\u00fcls\u0151 d\u00edsz\u00edt\u00e9s mellett, kor\u00e1bbi ki\u00e1ll\u00edt\u00f3nk, Vas Martina k\u00e9zzel k\u00e9sz\u00edtett d\u00edszei is tov\u00e1bb emelte Villamosunk \u00fcnnepi \u00f6lt\u00f6zet\u00e9t.<br>December 21-\u00e9n m\u00e1r a nagyobbaknak adott koncertet a Never In Time egy\u00fcttes.\u00a0<br>Kar\u00e1csonyt megel\u0151z\u0151 h\u00e9ten Nagy S\u00e1ndornak \u00e9s feles\u00e9g\u00e9nek k\u00f6sz\u00f6nhet\u0151en, egy m\u00e9zeskal\u00e1csokkal d\u00edsz\u00edtett kar\u00e1csonyf\u00e1val lett gazdagabb Villamosunk. Az \u00dcnnep elm\u00falt\u00e1val a kar\u00e1csonyi f\u00e9nyek \u00e9s d\u00edszek eg\u00e9szen janu\u00e1r 6-ig v\u00e1rt\u00e1k l\u00e1togat\u00f3inkat.<\/p>\n\n\n\n<figure class=\"wp-block-image\"><img loading=\"lazy\" decoding=\"async\" width=\"960\" height=\"639\" src=\"https:\/\/pecsivillamos.hu\/wp-content\/uploads\/2019\/04\/december.jpg\" alt=\"\" class=\"wp-image-162\" srcset=\"https:\/\/pecsivillamos.hu\/wp-content\/uploads\/2019\/04\/december.jpg 960w, https:\/\/pecsivillamos.hu\/wp-content\/uploads\/2019\/04\/december-450x300.jpg 450w, https:\/\/pecsivillamos.hu\/wp-content\/uploads\/2019\/04\/december-300x200.jpg 300w, https:\/\/pecsivillamos.hu\/wp-content\/uploads\/2019\/04\/december-768x511.jpg 768w\" sizes=\"auto, (max-width: 960px) 100vw, 960px\" \/><\/figure>\n","protected":false},"excerpt":{"rendered":"<p>2013. December 1 \u2013 24. Advent bek\u00f6sz\u00f6nt\u00e9vel mi is elkezdt\u00fcnk k\u00e9sz\u00fcl\u0151dni Kar\u00e1csonyra. Villamosunkat sz\u00ednes \u00e9g\u0151sorokkal d\u00edsz\u00edtett\u00fck fel, melyek minden nap kora d\u00e9lut\u00e1nt\u00f3l k\u00e9s\u0151 estig jelezt\u00e9k az \u00dcnnep k\u00f6zeledt\u00e9t, tov\u00e1bb sz\u00ednes\u00edtve az utca k\u00e9pet \u00e9s Villamosunkat.Nem csak a f\u00e9nysugarak, de sz\u00ednes, v\u00e1ltozatos programjainkkal is igyekezt\u00fcnk feldobni a k\u00e9sz\u00fcl\u0151d\u00e9st p\u00e1r pihentet\u0151 percet k\u00edn\u00e1lni az \u00fcnnepi forgatagban.\u00a0Minden d\u00e9lut\u00e1n &hellip; <\/p>\n<p class=\"link-more\"><a href=\"https:\/\/pecsivillamos.hu\/index.php\/2013\/12\/31\/3-megallo-2013-december-karacsonyi-keszulodes-advent-es-mikulas-het-a-villamosban\/\" class=\"more-link\"><span class=\"screen-reader-text\">&#8222;3. meg\u00e1ll\u00f3 2013. December \u2013 Kar\u00e1csonyi k\u00e9sz\u00fcl\u0151d\u00e9s, Advent \u00e9s Mikul\u00e1s h\u00e9t a Villamosban.&#8221;<\/span> b\u0151vebben<\/a><\/p>\n","protected":false},"author":2,"featured_media":0,"comment_status":"closed","ping_status":"closed","sticky":false,"template":"","format":"standard","meta":{"footnotes":""},"categories":[3],"tags":[],"class_list":["post-161","post","type-post","status-publish","format-standard","hentry","category-esemeny","entry"],"_links":{"self":[{"href":"https:\/\/pecsivillamos.hu\/index.php\/wp-json\/wp\/v2\/posts\/161","targetHints":{"allow":["GET"]}}],"collection":[{"href":"https:\/\/pecsivillamos.hu\/index.php\/wp-json\/wp\/v2\/posts"}],"about":[{"href":"https:\/\/pecsivillamos.hu\/index.php\/wp-json\/wp\/v2\/types\/post"}],"author":[{"embeddable":true,"href":"https:\/\/pecsivillamos.hu\/index.php\/wp-json\/wp\/v2\/users\/2"}],"replies":[{"embeddable":true,"href":"https:\/\/pecsivillamos.hu\/index.php\/wp-json\/wp\/v2\/comments?post=161"}],"version-history":[{"count":1,"href":"https:\/\/pecsivillamos.hu\/index.php\/wp-json\/wp\/v2\/posts\/161\/revisions"}],"predecessor-version":[{"id":163,"href":"https:\/\/pecsivillamos.hu\/index.php\/wp-json\/wp\/v2\/posts\/161\/revisions\/163"}],"wp:attachment":[{"href":"https:\/\/pecsivillamos.hu\/index.php\/wp-json\/wp\/v2\/media?parent=161"}],"wp:term":[{"taxonomy":"category","embeddable":true,"href":"https:\/\/pecsivillamos.hu\/index.php\/wp-json\/wp\/v2\/categories?post=161"},{"taxonomy":"post_tag","embeddable":true,"href":"https:\/\/pecsivillamos.hu\/index.php\/wp-json\/wp\/v2\/tags?post=161"}],"curies":[{"name":"wp","href":"https:\/\/api.w.org\/{rel}","templated":true}]}}