{"id":158,"date":"2013-11-30T10:00:54","date_gmt":"2013-11-30T09:00:54","guid":{"rendered":"https:\/\/pecsivillamos.hu\/?p=158"},"modified":"2019-04-16T10:03:38","modified_gmt":"2019-04-16T08:03:38","slug":"2-megallo-2013-november-eloterben-a-muveszet","status":"publish","type":"post","link":"https:\/\/pecsivillamos.hu\/index.php\/2013\/11\/30\/2-megallo-2013-november-eloterben-a-muveszet\/","title":{"rendered":"2. meg\u00e1ll\u00f3: 2013. November \u2013 El\u0151t\u00e9rben a m\u0171v\u00e9szet"},"content":{"rendered":"\n<p>\n\nNovember a ki\u00e1ll\u00edt\u00e1sok h\u00f3napja volt.&nbsp;<br>November 11. \u00e9s 17.-e k\u00f6z\u00f6tt a p\u00e9csi villamosk\u00f6zleked\u00e9snek is eml\u00e9ket \u00e1ll\u00edt\u00f3 l\u00e1tv\u00e1nyos ki\u00e1ll\u00edt\u00e1st lehetett megtekinteni. Az Eur\u00f3pai Dolgoz\u00f3k Szakszervezet\u00e9nek Fot\u00f3klubja p\u00e9csi villamost \u00e1br\u00e1zol\u00f3 r\u00e9gi fot\u00f3kat felhaszn\u00e1lva, a k\u00e9peken szerepl\u0151 helysz\u00edneket \u00fajra lefot\u00f3zva mutatt\u00e1k be az egykori \u00e9s a jelenlegi P\u00e9csett villamossal, buszokkal.&nbsp;<br>November 18. \u00e9s 24.-e k\u00f6z\u00f6tt T\u00f6r\u00f6k Ot\u00edlia grafikai ki\u00e1ll\u00edt\u00e1sa volt l\u00e1that\u00f3. A novemberi ki\u00e1ll\u00edt\u00e1sokat Vas Martina z\u00e1rta, november 25 \u00e9s december 1. k\u00f6z\u00f6tt festm\u00e9nyeib\u0151l ny\u00edlt ki\u00e1ll\u00edt\u00e1s.&nbsp;<br>November 28-\u00e1n a Villamosunk egy est\u00e9re a P\u00e9csi V\u00e1rost\u00f6rt\u00e9neti M\u00fazeumba k\u00f6lt\u00f6z\u00f6tt. A Padl\u00e1s \u2013 Helyt\u00f6rt\u00e9neti M\u0171hely kereteiben Roflics Gerg\u0151 egyes\u00fclet\u00fcnk aleln\u00f6ke tartott el\u0151ad\u00e1st a P\u00e9csi Villamosr\u00f3l.\n\n<\/p>\n\n\n\n<figure class=\"wp-block-image\"><img loading=\"lazy\" decoding=\"async\" width=\"960\" height=\"720\" src=\"https:\/\/pecsivillamos.hu\/wp-content\/uploads\/2019\/04\/2013november.jpg\" alt=\"\" class=\"wp-image-159\" srcset=\"https:\/\/pecsivillamos.hu\/wp-content\/uploads\/2019\/04\/2013november.jpg 960w, https:\/\/pecsivillamos.hu\/wp-content\/uploads\/2019\/04\/2013november-450x338.jpg 450w, https:\/\/pecsivillamos.hu\/wp-content\/uploads\/2019\/04\/2013november-300x225.jpg 300w, https:\/\/pecsivillamos.hu\/wp-content\/uploads\/2019\/04\/2013november-768x576.jpg 768w\" sizes=\"auto, (max-width: 960px) 100vw, 960px\" \/><\/figure>\n","protected":false},"excerpt":{"rendered":"<p>November a ki\u00e1ll\u00edt\u00e1sok h\u00f3napja volt.&nbsp;November 11. \u00e9s 17.-e k\u00f6z\u00f6tt a p\u00e9csi villamosk\u00f6zleked\u00e9snek is eml\u00e9ket \u00e1ll\u00edt\u00f3 l\u00e1tv\u00e1nyos ki\u00e1ll\u00edt\u00e1st lehetett megtekinteni. Az Eur\u00f3pai Dolgoz\u00f3k Szakszervezet\u00e9nek Fot\u00f3klubja p\u00e9csi villamost \u00e1br\u00e1zol\u00f3 r\u00e9gi fot\u00f3kat felhaszn\u00e1lva, a k\u00e9peken szerepl\u0151 helysz\u00edneket \u00fajra lefot\u00f3zva mutatt\u00e1k be az egykori \u00e9s a jelenlegi P\u00e9csett villamossal, buszokkal.&nbsp;November 18. \u00e9s 24.-e k\u00f6z\u00f6tt T\u00f6r\u00f6k Ot\u00edlia grafikai ki\u00e1ll\u00edt\u00e1sa volt &hellip; <\/p>\n<p class=\"link-more\"><a href=\"https:\/\/pecsivillamos.hu\/index.php\/2013\/11\/30\/2-megallo-2013-november-eloterben-a-muveszet\/\" class=\"more-link\"><span class=\"screen-reader-text\">&#8222;2. meg\u00e1ll\u00f3: 2013. November \u2013 El\u0151t\u00e9rben a m\u0171v\u00e9szet&#8221;<\/span> b\u0151vebben<\/a><\/p>\n","protected":false},"author":2,"featured_media":0,"comment_status":"closed","ping_status":"closed","sticky":false,"template":"","format":"standard","meta":{"footnotes":""},"categories":[3],"tags":[],"class_list":["post-158","post","type-post","status-publish","format-standard","hentry","category-esemeny","entry"],"_links":{"self":[{"href":"https:\/\/pecsivillamos.hu\/index.php\/wp-json\/wp\/v2\/posts\/158","targetHints":{"allow":["GET"]}}],"collection":[{"href":"https:\/\/pecsivillamos.hu\/index.php\/wp-json\/wp\/v2\/posts"}],"about":[{"href":"https:\/\/pecsivillamos.hu\/index.php\/wp-json\/wp\/v2\/types\/post"}],"author":[{"embeddable":true,"href":"https:\/\/pecsivillamos.hu\/index.php\/wp-json\/wp\/v2\/users\/2"}],"replies":[{"embeddable":true,"href":"https:\/\/pecsivillamos.hu\/index.php\/wp-json\/wp\/v2\/comments?post=158"}],"version-history":[{"count":1,"href":"https:\/\/pecsivillamos.hu\/index.php\/wp-json\/wp\/v2\/posts\/158\/revisions"}],"predecessor-version":[{"id":160,"href":"https:\/\/pecsivillamos.hu\/index.php\/wp-json\/wp\/v2\/posts\/158\/revisions\/160"}],"wp:attachment":[{"href":"https:\/\/pecsivillamos.hu\/index.php\/wp-json\/wp\/v2\/media?parent=158"}],"wp:term":[{"taxonomy":"category","embeddable":true,"href":"https:\/\/pecsivillamos.hu\/index.php\/wp-json\/wp\/v2\/categories?post=158"},{"taxonomy":"post_tag","embeddable":true,"href":"https:\/\/pecsivillamos.hu\/index.php\/wp-json\/wp\/v2\/tags?post=158"}],"curies":[{"name":"wp","href":"https:\/\/api.w.org\/{rel}","templated":true}]}}