{"id":155,"date":"2013-10-31T23:55:31","date_gmt":"2013-10-31T22:55:31","guid":{"rendered":"https:\/\/pecsivillamos.hu\/?p=155"},"modified":"2019-04-16T10:00:32","modified_gmt":"2019-04-16T08:00:32","slug":"1-megallo-2013-oktober-elindultunk","status":"publish","type":"post","link":"https:\/\/pecsivillamos.hu\/index.php\/2013\/10\/31\/1-megallo-2013-oktober-elindultunk\/","title":{"rendered":"1. meg\u00e1ll\u00f3: 2013. Okt\u00f3ber \u2013 Elindultunk"},"content":{"rendered":"\n<p>Okt\u00f3ber 20-\u00e1n d\u00e9lel\u0151tt, ha k\u00e9pletesen is sz\u00f3lva de \u00fajra elindult P\u00e9csett a villamos. B\u00e1r az\u00f3ta is egy helyben \u00e1ll a Ferencesek utc\u00e1ja v\u00e9g\u00e9n a \u201e100 \u00e9ves P\u00e9csi Villamos\u201d de a megnyit\u00f3 \u00fcnneps\u00e9get k\u00f6vet\u0151en b\u00e1rki felsz\u00e1llhat az\u00f3ta is nap mint nap, le\u00fclhet az eredeti fa \u00fcl\u00e9sekre, \u00e9s utazhat. Utazhat az eml\u00e9kez\u00e9s tenger\u00e9n, vagy vissza visszat\u00e9rve r\u00e9szt vehet, meg\u00e1llhat villamosunk egy egy meg\u00e1ll\u00f3j\u00e1ban.&nbsp;<br>A megnyit\u00f3\u00fcnneps\u00e9gen a sz\u00e9p \u0151szi vas\u00e1rnapi d\u00e9lel\u0151tt\u00f6n nagy sz\u00e1mban vettek r\u00e9szt, sokan a nosztalgia kedv\u00e9\u00e9rt, sokan az \u00fajdons\u00e1g miatt, a p\u00e9csi villamos ir\u00e1nti szeretetb\u0151l vagy k\u00edv\u00e1ncsis\u00e1gt\u00f3l hajtva j\u00f6ttek el. A megnyit\u00f3n egy\u00fctt \u00fcnnepelt a P\u00e9cs \u00e9s T\u00e9rs\u00e9ge K\u00f6z\u00f6ss\u00e9gi K\u00f6zleked\u00e9s\u00e9\u00e9rt Egyes\u00fclet \u00e9s a Magyar Villamosvas\u00fatt\u00f6rt\u00e9neti Egyes\u00fclet akiknek k\u00f6sz\u00f6nhet\u0151en a p\u00e9csi villamosk\u00f6zleked\u00e9s elindul\u00e1s\u00e1nak 100. \u00e9vfordul\u00f3j\u00e1ra megval\u00f3s\u00edtottak egy \u201e\u00e1lmot\u201d, hogy \u00fajra legyen villamos P\u00e9csett. Az \u00fcnneps\u00e9gen r\u00e9szt vett a V\u00e1rosi T\u00f6megk\u00f6zleked\u00e9s T\u00f6rt\u00e9neti Egyes\u00fclet, akik a jeles alkalomra kiadtak egy kiadv\u00e1nyt a P\u00e9csi Villamosvas\u00fat T\u00f6rt\u00e9net\u00e9r\u0151l. Az esem\u00e9nyen a v\u00e1rost Csizi P\u00e9ter alpolg\u00e1rmester \u00dar k\u00e9pviselte. A megnyit\u00f3t sz\u00ednes\u00edtette a korh\u0171 \u00f6lt\u00f6zet, melyet a P\u00e9csi Janus Pannonius M\u00fazeum bocs\u00e1tott rendelkez\u00e9s\u00fcnkre.<\/p>\n\n\n\n<p>A villamost \u00fczemeltet\u0151 PTKE Egyes\u00fclet c\u00e9lkit\u0171z\u00e9se volt, hogy eml\u00e9ket \u00e1ll\u00edtson, nosztalgi\u00e1zni h\u00edvja mindazokat akik valamilyen form\u00e1ban k\u00f6t\u0151dtek az egykori villamoshoz. Megismertesse a feln\u00f6vekv\u0151 nemzed\u00e9ket is a villamos k\u00f6zleked\u00e9ssel. K\u00f6z\u00f6ss\u00e9gi teret nyissunk programjainkon kereszt\u00fcl, \u00e9s bemutatkoz\u00e1si lehet\u0151s\u00e9get a civil szervezeteknek \u00e9s amat\u0151r m\u0171v\u00e9szeknek.<\/p>\n\n\n\n<p>Okt\u00f3ber 26. \u00e9s 27-\u00e9n Csal\u00e1di h\u00e9tv\u00e9g\u00e9re h\u00edvtuk a csal\u00e1dokat. A j\u00f3 id\u0151ben a villamosban \u00e9s a villamos el\u0151tt is j\u00e1t\u00e9ksorozattal v\u00e1rtunk mindenkit. Ezen a h\u00e9tv\u00e9g\u00e9n aki j\u00e1tszott vel\u00fcnk aj\u00e1nd\u00e9kban is r\u00e9szes\u00fclt. Az aj\u00e1nd\u00e9kokat a Zsolnay Kultur\u00e1lis Negyed \u00e9s Kov\u00e1cs Gyula Nosztalgia cukorkak\u00e9sz\u00edt\u0151 aj\u00e1nlotta fel. Okt\u00f3ber 27-\u00e9n a program z\u00e1r\u00e1sak\u00e9nt K\u00f6vesi Ferenc P\u00e9cs \u2013 Gy\u00e1rv\u00e1rosi pl\u00e9b\u00e1nos \u00e1ldotta meg villamosunkat.<\/p>\n\n\n\n<p>Okt\u00f3ber 28-\u00e1n megnyitottuk M\u0171v\u00e9szp\u00e1rtol\u00f3 programunkat, november 1-ig Schiffler Barbara fot\u00f3ki\u00e1ll\u00edt\u00e1sa volt l\u00e1that\u00f3.<\/p>\n\n\n\n<figure class=\"wp-block-image\"><img loading=\"lazy\" decoding=\"async\" width=\"960\" height=\"639\" src=\"https:\/\/pecsivillamos.hu\/wp-content\/uploads\/2019\/04\/oktober1.jpg\" alt=\"\" class=\"wp-image-156\" srcset=\"https:\/\/pecsivillamos.hu\/wp-content\/uploads\/2019\/04\/oktober1.jpg 960w, https:\/\/pecsivillamos.hu\/wp-content\/uploads\/2019\/04\/oktober1-450x300.jpg 450w, https:\/\/pecsivillamos.hu\/wp-content\/uploads\/2019\/04\/oktober1-300x200.jpg 300w, https:\/\/pecsivillamos.hu\/wp-content\/uploads\/2019\/04\/oktober1-768x511.jpg 768w\" sizes=\"auto, (max-width: 960px) 100vw, 960px\" \/><\/figure>\n","protected":false},"excerpt":{"rendered":"<p>Okt\u00f3ber 20-\u00e1n d\u00e9lel\u0151tt, ha k\u00e9pletesen is sz\u00f3lva de \u00fajra elindult P\u00e9csett a villamos. B\u00e1r az\u00f3ta is egy helyben \u00e1ll a Ferencesek utc\u00e1ja v\u00e9g\u00e9n a \u201e100 \u00e9ves P\u00e9csi Villamos\u201d de a megnyit\u00f3 \u00fcnneps\u00e9get k\u00f6vet\u0151en b\u00e1rki felsz\u00e1llhat az\u00f3ta is nap mint nap, le\u00fclhet az eredeti fa \u00fcl\u00e9sekre, \u00e9s utazhat. Utazhat az eml\u00e9kez\u00e9s tenger\u00e9n, vagy vissza visszat\u00e9rve r\u00e9szt &hellip; <\/p>\n<p class=\"link-more\"><a href=\"https:\/\/pecsivillamos.hu\/index.php\/2013\/10\/31\/1-megallo-2013-oktober-elindultunk\/\" class=\"more-link\"><span class=\"screen-reader-text\">&#8222;1. meg\u00e1ll\u00f3: 2013. Okt\u00f3ber \u2013 Elindultunk&#8221;<\/span> b\u0151vebben<\/a><\/p>\n","protected":false},"author":2,"featured_media":0,"comment_status":"closed","ping_status":"closed","sticky":false,"template":"","format":"standard","meta":{"footnotes":""},"categories":[3],"tags":[],"class_list":["post-155","post","type-post","status-publish","format-standard","hentry","category-esemeny","entry"],"_links":{"self":[{"href":"https:\/\/pecsivillamos.hu\/index.php\/wp-json\/wp\/v2\/posts\/155","targetHints":{"allow":["GET"]}}],"collection":[{"href":"https:\/\/pecsivillamos.hu\/index.php\/wp-json\/wp\/v2\/posts"}],"about":[{"href":"https:\/\/pecsivillamos.hu\/index.php\/wp-json\/wp\/v2\/types\/post"}],"author":[{"embeddable":true,"href":"https:\/\/pecsivillamos.hu\/index.php\/wp-json\/wp\/v2\/users\/2"}],"replies":[{"embeddable":true,"href":"https:\/\/pecsivillamos.hu\/index.php\/wp-json\/wp\/v2\/comments?post=155"}],"version-history":[{"count":1,"href":"https:\/\/pecsivillamos.hu\/index.php\/wp-json\/wp\/v2\/posts\/155\/revisions"}],"predecessor-version":[{"id":157,"href":"https:\/\/pecsivillamos.hu\/index.php\/wp-json\/wp\/v2\/posts\/155\/revisions\/157"}],"wp:attachment":[{"href":"https:\/\/pecsivillamos.hu\/index.php\/wp-json\/wp\/v2\/media?parent=155"}],"wp:term":[{"taxonomy":"category","embeddable":true,"href":"https:\/\/pecsivillamos.hu\/index.php\/wp-json\/wp\/v2\/categories?post=155"},{"taxonomy":"post_tag","embeddable":true,"href":"https:\/\/pecsivillamos.hu\/index.php\/wp-json\/wp\/v2\/tags?post=155"}],"curies":[{"name":"wp","href":"https:\/\/api.w.org\/{rel}","templated":true}]}}