{"id":125,"date":"2019-03-10T06:00:54","date_gmt":"2019-03-10T05:00:54","guid":{"rendered":"https:\/\/pecsivillamos.hu\/?p=125"},"modified":"2019-04-16T13:04:32","modified_gmt":"2019-04-16T11:04:32","slug":"19-a-pecsi-villamos-megszuntetesenek-visszhangja-a-pecsi-dunantuli-naplo-cimu-napilapban","status":"publish","type":"post","link":"https:\/\/pecsivillamos.hu\/index.php\/2019\/03\/10\/19-a-pecsi-villamos-megszuntetesenek-visszhangja-a-pecsi-dunantuli-naplo-cimu-napilapban\/","title":{"rendered":"19. A P\u00e9csi Villamos megsz\u00fcntet\u00e9s\u00e9nek visszhangja a P\u00e9csi Dun\u00e1nt\u00fali Napl\u00f3 c\u00edm\u0171 napilapban"},"content":{"rendered":"\n<p><strong>A P\u00e9csi Villamos megsz\u00fcntet\u00e9s\u00e9nek visszhangja a P\u00e9csi Dun\u00e1nt\u00fali Napl\u00f3 c\u00edm\u0171\nnapilapban<\/strong><\/p>\n\n\n\n<p>&#8222;Eml\u00e9kezz\u00fcnk a p\u00e9csi villamosra,\nmelyr\u0151l soha sem Iehe\u00adtett elk\u00e9sni. Ha lemaradt\u00e1l valahogy r\u00f3la a megyeri kit\u00e9\u00adr\u0151n\u00e9l,\nk\u00f6nny\u0171 szerrel utol\u00e9rted a Pet\u0151fi mozin\u00e1l. De h\u0171s\u00e9\u00adgesebb is volt n\u00e1ladn\u00e1l,\nmert ha s\u00fcrg\u0151s volt az utad \u00e9s nem sz\u00e1llt\u00e1l fel, \u0151 sohasem el\u0151z\u00f6tt meg\nudvariatlanul, hanem tisztelettel \u00e9s egy meg\u00e1ll\u00f3val mindig m\u00f6g\u00f6tted\nmaradt.&#8221; 13&nbsp;<br>\n&#8222;Tal\u00e1n b\u00facs\u00faztat\u00f3 szavakat kellene ide\u00edrni, el\u00e9rz\u00e9ke\u00adny\u00fclt hangon,\nmeghat\u00f3dottan \u00e9s meghat\u00f3d\u00e1st keltve&#8230; De h\u00e1t ezen \u00fagy is csak nevetne\nmindenki. Mert nem igen akad hat valaki is, aki t\u00e9nyleg sajn\u00e1ln\u00e1 azokat a\nkiv\u00e9nhedt, s\u00e1rga, rokkant, csikorg\u00f3 \u00e9s k\u00f6zleked\u00e9st akad\u00e1lyoz\u00f3 j\u00e1r\u00adm\u0171veket,\namelyek h\u00e9tf\u0151t\u0151l m\u00e1r nem j\u00e1rj\u00e1k \u00e9vtizedek \u00f3ta kijel\u00f6lt kanyarg\u00f3s \u00fatjukat a\nmaguk 7 kilom\u00e9teres \u00f3r\u00e1nk\u00e9n\u00adti \u00e1tlagsebess\u00e9g\u00e9veI. P\u00e9cs egyik villamosj\u00e1rata\nmegsz\u0171\u00adnik, s hely\u00e9t \u00faj, gyors aut\u00f3buszok foglalj\u00e1k el.&nbsp;<br>\nAz orsz\u00e1g egyik legszebb v\u00e1ros\u00e1nak egyik legcs\u00fa\u00adny\u00e1bb ismertet\u0151 jele elt\u0171nt\nh\u00e1t. K\u00e9ts\u00e9g k\u00edv\u00fcl jelent\u0151s \u00e1llo\u00adm\u00e1sa ez annak a folyamatnak, amely a hivatalos\n\u00edr\u00e1sok\u00adban &#8222;a v\u00e1rosi k\u00f6zleked\u00e9s megjav\u00edt\u00e1sa&#8221; c\u00edmen szerepel, s amely\nfolyamat felszabadul\u00e1sunk \u00f3ta, ha nem is mindig egyenletesen, de egyfolyt\u00e1ban\nhalad el\u0151re.&#8221; 14&nbsp;<br>\n&#8222;Nagyszer\u0171en bev\u00e1ltak a villamosokat p\u00f3tl\u00f3 aut\u00f3bu\u00adszok. Tegnap m\u00e1r nem\ng\u00f6rd\u00fcltek ki a sz\u00ednb\u0151l a d\u00f6c\u00f6g\u0151 p\u00e9csi villamosok, s ezt tal\u00e1n azok f\u00e1jlalj\u00e1k\nlegjobban, akik n\u00e9h\u00e1ny h\u00f3nappal ezel\u0151tt hangoskodva besz\u00e9ltek a villa\u00admosk\u00f6zleked\u00e9s\nh\u00e1tr\u00e1nyair\u00f3l.&#8221; 15&nbsp;<br>\n,,1960. szeptember elseje nagy fordulatot jelent P\u00e9cs k\u00f6zleked\u00e9s\u00e9ben. A mai\nnapt\u00f3l kezdve megsz\u0171nik k\u00f6zle\u00adkedni a v\u00e1ros sz\u0171k utc\u00e1iban a d\u00f6c\u00f6g\u0151 villamos, s\nfeladat\u00e1t az \u00fajonnan \u00e9rkezett aut\u00f3buszok l\u00e1tj\u00e1k el. A k\u00e9t utols\u00f3 villamosj\u00e1rat\ntegnap \u00e9jf\u00e9lkor futott be Vid\u00e1kovics Imr\u00e9n\u00e9 \u00e9s Cser J\u00f3zsef II. vezet\u00e9s\u00e9vel,\nHorv\u00e1th Margit \u00e9s Kemmer Istv\u00e1n kalauzokkal a Bacs\u00f3 B\u00e9la utcai sz\u00ednbe.&nbsp;<br>\nAz utaz\u00f3k\u00f6z\u00f6ns\u00e9g egy r\u00e9sze sajn\u00e1lkozva b\u00facs\u00fazott a villamost\u00f3l, de nem \u00fagy a\nvillamosok szem\u00e9lyzete! Herke J\u00f3zsef villamos kocsivezet\u0151 &#8211; aki tegnap d\u00e9lel\u0151tt\nvezetett utolj\u00e1ra p\u00e9csi villamost &#8211; kicsit megillet\u0151d\u00f6tten \u00e1llt ugyan a\nf\u00e9nyk\u00e9pez\u0151g\u00e9p lencs\u00e9je el\u00e9, de cs\u00f6ppet sem b\u00e1nja, hogya neh\u00e9z szolg\u00e1lat helyett\nma m\u00e1r ind\u00edt\u00f3ellen\u0151rk\u00e9nt dolgozhat a kertv\u00e1rosi aut\u00f3busz v\u00e9g\u00e1llom\u00e1son.&nbsp;<br>\n&#8211; Ha tudn\u00e1k, hogy az ut\u00f3bbi \u00e9vekben milyen neh\u00e9z volt villamost vezetni, nem\nk\u00edv\u00e1nn\u00e1 vissza senki sem. Har\u00admincn\u00e9gy \u00e9vig voltam villamosvezet\u0151, s\ntapasztalatb\u00f3l \u00e1ll\u00edtom, hogy most m\u00e1r mutatv\u00e1ny volt a forgalmas utc\u00e1kon,\nidegfesz\u00edt\u0151 figyelemmel, baleset n\u00e9lk\u00fcl vezetni.&nbsp;<\/p>\n\n\n\n<p>Az\u00e9rt, ha sz\u00edvesen is, m\u00e9gis meghat\u00f3dottan\nb\u00facs\u00fazott kocsij\u00e1t\u00f3l. Kalauz\u00e1val, Bene Ilon\u00e1val felvir\u00e1gozta, s ha\nfigyelmeztette is miatta az ellen\u0151r, \u00fagy vir\u00e1gosan csilingel\u00adtek v\u00e9gig utolj\u00e1ra\na Kossuth Lajos utc\u00e1n \u00e1t, a k\u00fclv\u00e1rosi p\u00e1lyaudvar fel\u00e9.&nbsp;<br>\nA Bacs\u00f3 B\u00e9la utcai kocsisz\u00edn m\u00f6g\u00f6tt, a P\u00e9csi K\u00f6zleke\u00add\u00e9si V\u00e1llalat irod\u00e1ja\nval\u00f3s\u00e1gos f\u0151hadisz\u00e1ll\u00e1ss\u00e1 alakult ezekben a napokban. A folyos\u00f3kon \u00e9s a\nl\u00e9pcs\u0151k\u00f6n szoronganak a vizsg\u00e1ra bocs\u00e1tott \u00faj \u00e9s r\u00e9gi kalauzok, leend\u0151\nforgalomir\u00e1ny\u00edt\u00f3k \u00e9s ind\u00edt\u00f3ellen\u0151r\u00f6k. Szolg\u00e1lati beoszt\u00e1\u00adsuk az im\u00e9nt ker\u00fclt\nAradv\u00e1ri Istv\u00e1n forgalmi oszt\u00e1lyvezet\u0151 asztal\u00e1ra. A beoszt\u00e1s egyel\u0151re\nszeptember 1-t\u0151l 4-ig \u00e9r\u00adv\u00e9nyes, azut\u00e1n k\u00e9sz\u00fcl el a n\u00e9h\u00e1ny napos tapasztalat\nalapj\u00e1n a k\u00f6vetkez\u0151.&nbsp;<br>\n&#8211; Szeretn\u00e9nk, ha min\u00e9l kevesebb z\u00f6kken\u0151vel t\u00f6rt\u00e9nne meg az \u00e1tt\u00e9r\u00e9s &#8211; mondja k\u00e9t\nvizsg\u00e1ztat\u00e1s k\u00f6z\u00f6tt Aradv\u00e1ri Istv\u00e1n &#8211; ez\u00e9rt ind\u00edt\u00f3ellen\u0151reink \u00e9s ir\u00e1ny\u00edt\u00f3inak\nma m\u00e1r &#8222;be\u00e1rny\u00e9kolj\u00e1k&#8221; minden vonalon a fontosabb meg\u00e1ll\u00f3kat, hogy\nsz\u00fcks\u00e9g eset\u00e9n tartal\u00e9kkocsikat &#8222;dobhassunk&#8221; be.&#8221;&nbsp;<br>\n&#8222;Mi t\u00f6rt\u00e9nik a villamosok szem\u00e9lyzet\u00e9vei?&nbsp;<br>\n&#8211; A villamosvezet\u0151k egy r\u00e9sze g\u00e9pkocsivezet\u0151i vizsg\u00e1t tett, s a j\u00f6v\u0151ben\naut\u00f3buszon teljes\u00edt szolg\u00e1latot, m\u00e1s r\u00e9\u00adsze tanfolyam elv\u00e9gz\u00e9se \u00e9s sikeres\nvizsga ut\u00e1n ind\u00edt\u00f3 vagy vonalellen\u0151r lett, m\u00e1sok jegykezel\u0151i beoszt\u00e1st k\u00e9r\u00adtek.\nA villamoskalauzok nagy r\u00e9sze aut\u00f3buszokon v\u00e1llalta tov\u00e1bbra is a munk\u00e1t. Erre\nsz\u00fcks\u00e9g is volt, mert \u00f6tven \u00faj g\u00e9pkocsi-kalauzt kellett kik\u00e9pezni. Ezekb\u0151l\nharminckett\u0151 villamoson dolgozott eddig.&#8221; 16<\/p>\n\n\n\n<p>13 Dun\u00e1nt\u00fali Napl\u00f3. 1960. m\u00e1rcius 4. A p\u00e9csi villamosr\u00f3I. ..&nbsp;<br>\n14 Dun\u00e1nt\u00fali Napl\u00f3. 1959. m\u00e1rcius 15. A b\u00facs\u00faz\u00f3 s\u00e1rga villa\u00admosr\u00f3I.<br>\n15 Dun\u00e1nt\u00fali Napl\u00f3. 1960. szeptember 2. Nagyszer\u0171en bev\u00e1l\u00adtak a villamosokat\np\u00f3tl\u00f3 aut\u00f3buszok.\n\n16 Dun\u00e1nt\u00fali Napl\u00f3. 1960.\nszeptember 1. Ma reggelt\u0151l aut\u00f3bu\u00adszokkal oldj\u00e1k meg P\u00e9cs k\u00f6zleked\u00e9s\u00e9t.\n\n\n\n<\/p>\n","protected":false},"excerpt":{"rendered":"<p>A P\u00e9csi Villamos megsz\u00fcntet\u00e9s\u00e9nek visszhangja a P\u00e9csi Dun\u00e1nt\u00fali Napl\u00f3 c\u00edm\u0171 napilapban &#8222;Eml\u00e9kezz\u00fcnk a p\u00e9csi villamosra, melyr\u0151l soha sem Iehe\u00adtett elk\u00e9sni. Ha lemaradt\u00e1l valahogy r\u00f3la a megyeri kit\u00e9\u00adr\u0151n\u00e9l, k\u00f6nny\u0171 szerrel utol\u00e9rted a Pet\u0151fi mozin\u00e1l. De h\u0171s\u00e9\u00adgesebb is volt n\u00e1ladn\u00e1l, mert ha s\u00fcrg\u0151s volt az utad \u00e9s nem sz\u00e1llt\u00e1l fel, \u0151 sohasem el\u0151z\u00f6tt meg udvariatlanul, hanem tisztelettel &hellip; <\/p>\n<p class=\"link-more\"><a href=\"https:\/\/pecsivillamos.hu\/index.php\/2019\/03\/10\/19-a-pecsi-villamos-megszuntetesenek-visszhangja-a-pecsi-dunantuli-naplo-cimu-napilapban\/\" class=\"more-link\"><span class=\"screen-reader-text\">&#8222;19. A P\u00e9csi Villamos megsz\u00fcntet\u00e9s\u00e9nek visszhangja a P\u00e9csi Dun\u00e1nt\u00fali Napl\u00f3 c\u00edm\u0171 napilapban&#8221;<\/span> b\u0151vebben<\/a><\/p>\n","protected":false},"author":2,"featured_media":0,"comment_status":"closed","ping_status":"closed","sticky":false,"template":"","format":"standard","meta":{"footnotes":""},"categories":[4],"tags":[],"class_list":["post-125","post","type-post","status-publish","format-standard","hentry","category-tortenelem","entry"],"_links":{"self":[{"href":"https:\/\/pecsivillamos.hu\/index.php\/wp-json\/wp\/v2\/posts\/125","targetHints":{"allow":["GET"]}}],"collection":[{"href":"https:\/\/pecsivillamos.hu\/index.php\/wp-json\/wp\/v2\/posts"}],"about":[{"href":"https:\/\/pecsivillamos.hu\/index.php\/wp-json\/wp\/v2\/types\/post"}],"author":[{"embeddable":true,"href":"https:\/\/pecsivillamos.hu\/index.php\/wp-json\/wp\/v2\/users\/2"}],"replies":[{"embeddable":true,"href":"https:\/\/pecsivillamos.hu\/index.php\/wp-json\/wp\/v2\/comments?post=125"}],"version-history":[{"count":2,"href":"https:\/\/pecsivillamos.hu\/index.php\/wp-json\/wp\/v2\/posts\/125\/revisions"}],"predecessor-version":[{"id":128,"href":"https:\/\/pecsivillamos.hu\/index.php\/wp-json\/wp\/v2\/posts\/125\/revisions\/128"}],"wp:attachment":[{"href":"https:\/\/pecsivillamos.hu\/index.php\/wp-json\/wp\/v2\/media?parent=125"}],"wp:term":[{"taxonomy":"category","embeddable":true,"href":"https:\/\/pecsivillamos.hu\/index.php\/wp-json\/wp\/v2\/categories?post=125"},{"taxonomy":"post_tag","embeddable":true,"href":"https:\/\/pecsivillamos.hu\/index.php\/wp-json\/wp\/v2\/tags?post=125"}],"curies":[{"name":"wp","href":"https:\/\/api.w.org\/{rel}","templated":true}]}}